{"id":971,"date":"2019-06-05T08:47:44","date_gmt":"2019-06-05T08:47:44","guid":{"rendered":"http:\/\/www.musikschule-quickborn.de\/?p=971"},"modified":"2019-06-11T07:07:36","modified_gmt":"2019-06-11T07:07:36","slug":"schuelerkonzert-zum-tag-der-musik-am-14-06-19","status":"publish","type":"post","link":"http:\/\/www.musikschule-quickborn.de\/?p=971","title":{"rendered":"Sch\u00fclerkonzert zum Tag der Musik am 14.06.19"},"content":{"rendered":"<p><a href=\"http:\/\/www.musikschule-quickborn.de\/?attachment_id=986\" rel=\"attachment wp-att-986\"><img loading=\"lazy\" class=\"alignleft size-medium wp-image-986\" src=\"http:\/\/www.musikschule-quickborn.de\/wp-content\/uploads\/2019\/06\/Plakat-Sch\u00fclerkonzert-2019-1-209x300.jpg\" alt=\"\" width=\"209\" height=\"300\" srcset=\"http:\/\/www.musikschule-quickborn.de\/wp-content\/uploads\/2019\/06\/Plakat-Sch\u00fclerkonzert-2019-1-209x300.jpg 209w, http:\/\/www.musikschule-quickborn.de\/wp-content\/uploads\/2019\/06\/Plakat-Sch\u00fclerkonzert-2019-1.jpg 616w\" sizes=\"(max-width: 209px) 100vw, 209px\" \/><\/a><\/p>\n<p>&nbsp;<\/p>\n<p>Unter dem Motto\u00a0&#8222;Musik machen &#8211; Haltung zeigen&#8220; &#8211; &#8222;Zusammenhalt. Europa. Vielfalt.&#8220; findet bundesweit der diesj\u00e4hrige Tag der Musik statt. Wie in den Jahren zuvor beteiligt sich die Musikschule der Stadt Quickborn daran mit einem Sch\u00fclerkonzert mit vielen spannenden Beitr\u00e4gen.<\/p>\n<p>Bei diesem Konzert treten zahlreiche Gesangs- und Instrumentalsolisten sowie verschiedene Ensembles auf. So werden ein Trompeten-Ensemble, das Percussions-Ensemble &#8222;Drum Experience 2.0&#8220; und das Orchester u.a.St\u00fccke pr\u00e4sentieren, die auch auf die diesj\u00e4hrige Reise in die Partnerstadt Boxholm\/Schweden mitgenommen wurden. Der Bogen der Beitr\u00e4ge spannt sich von barocken Kl\u00e4ngen \u00fcber Filmmusik und Musical bis hin zu aktueller Popmusik. Dar\u00fcber hinaus hat das Publikum die Gelegenheit, die diesj\u00e4hrigen Preistr\u00e4ger\u00a0 von \u201eJugend musiziert\u201c zu erleben.<\/p>\n<p>Das Konzert findet am Freitag, den 14.06.19.im Artur-Grenz-Saal, Am Freibad 7 statt und beginnt um 18.00 Uhr. Der Eintritt ist frei.<\/p>\n","protected":false},"excerpt":{"rendered":"<p>&nbsp; Unter dem Motto\u00a0&#8222;Musik machen &#8211; Haltung zeigen&#8220; &#8211; &#8222;Zusammenhalt. Europa. Vielfalt.&#8220; findet bundesweit der diesj\u00e4hrige Tag der Musik statt. Wie in den Jahren zuvor beteiligt sich die Musikschule der Stadt Quickborn daran mit einem Sch\u00fclerkonzert mit vielen spannenden Beitr\u00e4gen. Bei diesem Konzert treten zahlreiche Gesangs- und Instrumentalsolisten sowie verschiedene Ensembles auf. So werden ein [&hellip;]<\/p>\n","protected":false},"author":1,"featured_media":0,"comment_status":"closed","ping_status":"open","sticky":false,"template":"","format":"standard","meta":[],"categories":[1],"tags":[],"_links":{"self":[{"href":"http:\/\/www.musikschule-quickborn.de\/index.php?rest_route=\/wp\/v2\/posts\/971"}],"collection":[{"href":"http:\/\/www.musikschule-quickborn.de\/index.php?rest_route=\/wp\/v2\/posts"}],"about":[{"href":"http:\/\/www.musikschule-quickborn.de\/index.php?rest_route=\/wp\/v2\/types\/post"}],"author":[{"embeddable":true,"href":"http:\/\/www.musikschule-quickborn.de\/index.php?rest_route=\/wp\/v2\/users\/1"}],"replies":[{"embeddable":true,"href":"http:\/\/www.musikschule-quickborn.de\/index.php?rest_route=%2Fwp%2Fv2%2Fcomments&post=971"}],"version-history":[{"count":11,"href":"http:\/\/www.musikschule-quickborn.de\/index.php?rest_route=\/wp\/v2\/posts\/971\/revisions"}],"predecessor-version":[{"id":988,"href":"http:\/\/www.musikschule-quickborn.de\/index.php?rest_route=\/wp\/v2\/posts\/971\/revisions\/988"}],"wp:attachment":[{"href":"http:\/\/www.musikschule-quickborn.de\/index.php?rest_route=%2Fwp%2Fv2%2Fmedia&parent=971"}],"wp:term":[{"taxonomy":"category","embeddable":true,"href":"http:\/\/www.musikschule-quickborn.de\/index.php?rest_route=%2Fwp%2Fv2%2Fcategories&post=971"},{"taxonomy":"post_tag","embeddable":true,"href":"http:\/\/www.musikschule-quickborn.de\/index.php?rest_route=%2Fwp%2Fv2%2Ftags&post=971"}],"curies":[{"name":"wp","href":"https:\/\/api.w.org\/{rel}","templated":true}]}}