{"id":946,"date":"2019-04-29T09:48:05","date_gmt":"2019-04-29T09:48:05","guid":{"rendered":"http:\/\/www.musikschule-quickborn.de\/?p=946"},"modified":"2019-05-15T07:09:47","modified_gmt":"2019-05-15T07:09:47","slug":"110-jahre-artur-grenz-die-konzerte","status":"publish","type":"post","link":"http:\/\/www.musikschule-quickborn.de\/?p=946","title":{"rendered":"110 Jahre Artur Grenz  &#8211; die Konzerte"},"content":{"rendered":"<p><span style=\"font-size: medium;\"> Er lebte und wirkte in Quickborn: Der am 17.04.1909 in Bremen geborene Komponist, Dirigent und Musiker &#8211; und Mitinitiator unserer Musikschule &#8211;\u00a0 Artur Grenz w\u00e4re in diesem Jahr 110 Jahre alt geworden. Dieses besondere Jubil\u00e4um soll in seiner Wahlheimat mit einem Chor-und Orchesterkonzert gew\u00fcrdigt werden. Diese gemeinsame Veranstaltung verschiedener Quickborner Kulturinstitutionen findet am Sonnabend, den 11. Mai 2019 um 19:00 Uhr im Artur-Grenz-Saal, Am Freibad 7 statt. <\/span><\/p>\n<p><span style=\"font-size: medium;\">Im Mittelpunkt des Abends stehen selbstverst\u00e4ndlich eigene Kompositionen, aber auch Arrangements von Artur Grenz, wie beispielsweise von der Ouvert\u00fcre zu \u201eOrpheus in der Unterwelt\u201c von Jaques Offenbach, dessen 200. Geburtstag in diesem Jahr begangen wird. Daneben kommen Werke seines Lehrers Paul Hindemith sowie von P.I. Tschaikowsky zu Geh\u00f6r.<\/span><\/p>\n<p><span style=\"font-size: medium;\">Ziel des Konzertes ist es, die Werke des Quickborner Komponisten &#8211; der ja auch Namensgeber des Quickborner Konzertsaales ist &#8211; zu w\u00fcrdigen und bekannter zu machen. Da der Musikschule ein gro\u00dfer Teil des Nachlasses von Artur Grenz \u00fcberlassen wurde, k\u00f6nnen neben seinen schon ver\u00f6ffentlichten auch unbekannte und unver\u00f6ffentlichte Werke aufgef\u00fchrt werden &#8211; so zum Beispiel die verschollen geglaubte Kantate zur Stadtwerdung Quickborns (1974), die mit vollem Auff\u00fchrungsmaterial erhalten ist und auf deren Wiederauff\u00fchrung sich die Besucher besonders freuen k\u00f6nnen.<\/span><\/p>\n<p><span style=\"font-size: medium;\"><a href=\"http:\/\/www.musikschule-quickborn.de\/?attachment_id=948\" rel=\"attachment wp-att-948\"><img loading=\"lazy\" class=\"size-medium wp-image-948 alignright\" src=\"http:\/\/www.musikschule-quickborn.de\/wp-content\/uploads\/2019\/04\/Foto2-Artur-Grenz-222x300.jpg\" alt=\"\" width=\"222\" height=\"300\" srcset=\"http:\/\/www.musikschule-quickborn.de\/wp-content\/uploads\/2019\/04\/Foto2-Artur-Grenz-222x300.jpg 222w, http:\/\/www.musikschule-quickborn.de\/wp-content\/uploads\/2019\/04\/Foto2-Artur-Grenz.jpg 317w\" sizes=\"(max-width: 222px) 100vw, 222px\" \/><\/a><a href=\"http:\/\/www.musikschule-quickborn.de\/?attachment_id=949\" rel=\"attachment wp-att-949\"><img loading=\"lazy\" class=\"alignleft size-medium wp-image-949\" src=\"http:\/\/www.musikschule-quickborn.de\/wp-content\/uploads\/2019\/04\/Foto4-Artur-Grenz-230x300.jpg\" alt=\"\" width=\"230\" height=\"300\" srcset=\"http:\/\/www.musikschule-quickborn.de\/wp-content\/uploads\/2019\/04\/Foto4-Artur-Grenz-230x300.jpg 230w, http:\/\/www.musikschule-quickborn.de\/wp-content\/uploads\/2019\/04\/Foto4-Artur-Grenz.jpg 495w\" sizes=\"(max-width: 230px) 100vw, 230px\" \/><\/a><\/span><\/p>\n<p align=\"LEFT\"><a href=\"http:\/\/www.musikschule-quickborn.de\/?attachment_id=956\" rel=\"attachment wp-att-956\"><img loading=\"lazy\" class=\"alignleft  wp-image-956\" src=\"http:\/\/www.musikschule-quickborn.de\/wp-content\/uploads\/2019\/04\/Plakat-Matinee-209x300.jpg\" alt=\"\" width=\"217\" height=\"311\" srcset=\"http:\/\/www.musikschule-quickborn.de\/wp-content\/uploads\/2019\/04\/Plakat-Matinee-209x300.jpg 209w, http:\/\/www.musikschule-quickborn.de\/wp-content\/uploads\/2019\/04\/Plakat-Matinee.jpg 631w\" sizes=\"(max-width: 217px) 100vw, 217px\" \/><\/a><\/p>\n<p>&nbsp;<\/p>\n<p style=\"text-align: left;\">Ausf\u00fchrende dieses sicher sehr ansprechenden Konzertes sind die Pianisten Eberhard Hasenfratz und Tamami Kawase, die Kantorei der Kirchengemeinde Quickborn-Hasloh unter der Leitung von Michael Schmult und das \u201eProjektorchester Artur Grenz\u201c unter Leitung von Lorenz Jensen, das sich aus Preistr\u00e4gern von \u201eJugend musiziert\u201c, Lehrkr\u00e4ften der Musikschule sowie Musikern der Region Hamburg zusammensetzt.<\/p>\n<p>Der Eintritt betr\u00e4gt \u20ac 15 (erm. \u20ac 10). Karten gibt es an der Abendkasse und ab dem 02.05.19 im Vorverkauf in der Buchhandlung Theophil.<\/p>\n<p>Das Konzert ist eine gemeinsame Veranstaltung der Musikschule der Stadt Quickborn, der Freunde der Kammermusik Quickborn e. V., der ev.-Luth Kirchengemeinde Quickborn-Hasloh, des Kultur-Vereins Quickborn e. V. und wird unterst\u00fctzt durch die Stadt Quickborn.<\/p>\n<p align=\"LEFT\">Als weitere Veranstaltung zu Ehren von Artur Grenz ist eine Matinee am 26.05.19 geplant, die um 11.00 Uhr im Artur-Grenz-Saal beginnen wird. Auf dem Programm werden Lieder und Kammermusik von Artur Grenz und anderen Komponisten stehen. Ausf\u00fchrende sind der Pianist Eberhard Hasenfratz, die Bratschistin Bettina R\u00fchl (Hamburger Philharmoniker) sowie die Hamburger S\u00e4ngerin Cornelia Zach.<\/p>\n","protected":false},"excerpt":{"rendered":"<p>Er lebte und wirkte in Quickborn: Der am 17.04.1909 in Bremen geborene Komponist, Dirigent und Musiker &#8211; und Mitinitiator unserer Musikschule &#8211;\u00a0 Artur Grenz w\u00e4re in diesem Jahr 110 Jahre alt geworden. Dieses besondere Jubil\u00e4um soll in seiner Wahlheimat mit einem Chor-und Orchesterkonzert gew\u00fcrdigt werden. Diese gemeinsame Veranstaltung verschiedener Quickborner Kulturinstitutionen findet am Sonnabend, den [&hellip;]<\/p>\n","protected":false},"author":1,"featured_media":0,"comment_status":"closed","ping_status":"open","sticky":false,"template":"","format":"standard","meta":[],"categories":[1],"tags":[],"_links":{"self":[{"href":"http:\/\/www.musikschule-quickborn.de\/index.php?rest_route=\/wp\/v2\/posts\/946"}],"collection":[{"href":"http:\/\/www.musikschule-quickborn.de\/index.php?rest_route=\/wp\/v2\/posts"}],"about":[{"href":"http:\/\/www.musikschule-quickborn.de\/index.php?rest_route=\/wp\/v2\/types\/post"}],"author":[{"embeddable":true,"href":"http:\/\/www.musikschule-quickborn.de\/index.php?rest_route=\/wp\/v2\/users\/1"}],"replies":[{"embeddable":true,"href":"http:\/\/www.musikschule-quickborn.de\/index.php?rest_route=%2Fwp%2Fv2%2Fcomments&post=946"}],"version-history":[{"count":6,"href":"http:\/\/www.musikschule-quickborn.de\/index.php?rest_route=\/wp\/v2\/posts\/946\/revisions"}],"predecessor-version":[{"id":959,"href":"http:\/\/www.musikschule-quickborn.de\/index.php?rest_route=\/wp\/v2\/posts\/946\/revisions\/959"}],"wp:attachment":[{"href":"http:\/\/www.musikschule-quickborn.de\/index.php?rest_route=%2Fwp%2Fv2%2Fmedia&parent=946"}],"wp:term":[{"taxonomy":"category","embeddable":true,"href":"http:\/\/www.musikschule-quickborn.de\/index.php?rest_route=%2Fwp%2Fv2%2Fcategories&post=946"},{"taxonomy":"post_tag","embeddable":true,"href":"http:\/\/www.musikschule-quickborn.de\/index.php?rest_route=%2Fwp%2Fv2%2Ftags&post=946"}],"curies":[{"name":"wp","href":"https:\/\/api.w.org\/{rel}","templated":true}]}}