{"id":935,"date":"2019-04-18T17:00:22","date_gmt":"2019-04-18T17:00:22","guid":{"rendered":"http:\/\/www.musikschule-quickborn.de\/?p=935"},"modified":"2019-04-18T17:00:22","modified_gmt":"2019-04-18T17:00:22","slug":"schwedische-impressionen","status":"publish","type":"post","link":"http:\/\/www.musikschule-quickborn.de\/?p=935","title":{"rendered":"Schwedische Impressionen"},"content":{"rendered":"<p>Diese kleine Bilderreihe zeigt einige Eindr\u00fccke unserer Orchesterfahrt nach Boxholm. Gleichzeitig m\u00f6chten wir uns noch einmal bei unseren Gastgebern in Schweden, bei der Stadt Quickborn und vor allem bei unseren Sch\u00fclerinnen und Sch\u00fclern, die diese Reise so engagiert mitgestaltet haben, ganz herzlich bedanken!<\/p>\n<p><a href=\"http:\/\/www.musikschule-quickborn.de\/?attachment_id=939\" rel=\"attachment wp-att-939\"><img loading=\"lazy\" class=\"alignleft  wp-image-939\" src=\"http:\/\/www.musikschule-quickborn.de\/wp-content\/uploads\/2019\/04\/Foto-08.04.19-13-05-43-300x225.jpg\" alt=\"\" width=\"253\" height=\"190\" srcset=\"http:\/\/www.musikschule-quickborn.de\/wp-content\/uploads\/2019\/04\/Foto-08.04.19-13-05-43-300x225.jpg 300w, http:\/\/www.musikschule-quickborn.de\/wp-content\/uploads\/2019\/04\/Foto-08.04.19-13-05-43.jpg 640w\" sizes=\"(max-width: 253px) 100vw, 253px\" \/><\/a> <a href=\"http:\/\/www.musikschule-quickborn.de\/?attachment_id=938\" rel=\"attachment wp-att-938\"><img loading=\"lazy\" class=\"alignleft  wp-image-938\" src=\"http:\/\/www.musikschule-quickborn.de\/wp-content\/uploads\/2019\/04\/Foto-07.04.19-12-29-08-300x225.jpg\" alt=\"\" width=\"256\" height=\"192\" srcset=\"http:\/\/www.musikschule-quickborn.de\/wp-content\/uploads\/2019\/04\/Foto-07.04.19-12-29-08-300x225.jpg 300w, http:\/\/www.musikschule-quickborn.de\/wp-content\/uploads\/2019\/04\/Foto-07.04.19-12-29-08.jpg 640w\" sizes=\"(max-width: 256px) 100vw, 256px\" \/><\/a> <a href=\"http:\/\/www.musikschule-quickborn.de\/?attachment_id=936\" rel=\"attachment wp-att-936\"><img loading=\"lazy\" class=\"alignleft  wp-image-936\" src=\"http:\/\/www.musikschule-quickborn.de\/wp-content\/uploads\/2019\/04\/20190407_111628-300x169.jpg\" alt=\"\" width=\"372\" height=\"209\" srcset=\"http:\/\/www.musikschule-quickborn.de\/wp-content\/uploads\/2019\/04\/20190407_111628-300x169.jpg 300w, http:\/\/www.musikschule-quickborn.de\/wp-content\/uploads\/2019\/04\/20190407_111628-768x432.jpg 768w, http:\/\/www.musikschule-quickborn.de\/wp-content\/uploads\/2019\/04\/20190407_111628-1024x576.jpg 1024w\" sizes=\"(max-width: 372px) 100vw, 372px\" \/><\/a><a href=\"http:\/\/www.musikschule-quickborn.de\/?attachment_id=941\" rel=\"attachment wp-att-941\"><img loading=\"lazy\" class=\"alignleft size-medium wp-image-941\" src=\"http:\/\/www.musikschule-quickborn.de\/wp-content\/uploads\/2019\/04\/IMG-20190414-WA0030-225x300.jpg\" alt=\"\" width=\"225\" height=\"300\" srcset=\"http:\/\/www.musikschule-quickborn.de\/wp-content\/uploads\/2019\/04\/IMG-20190414-WA0030-225x300.jpg 225w, http:\/\/www.musikschule-quickborn.de\/wp-content\/uploads\/2019\/04\/IMG-20190414-WA0030-768x1024.jpg 768w, http:\/\/www.musikschule-quickborn.de\/wp-content\/uploads\/2019\/04\/IMG-20190414-WA0030.jpg 1200w\" sizes=\"(max-width: 225px) 100vw, 225px\" \/><\/a><a href=\"http:\/\/www.musikschule-quickborn.de\/?attachment_id=942\" rel=\"attachment wp-att-942\"><img loading=\"lazy\" class=\"alignleft size-medium wp-image-942\" src=\"http:\/\/www.musikschule-quickborn.de\/wp-content\/uploads\/2019\/04\/20190407_181539-300x225.jpg\" alt=\"\" width=\"300\" height=\"225\" srcset=\"http:\/\/www.musikschule-quickborn.de\/wp-content\/uploads\/2019\/04\/20190407_181539-300x225.jpg 300w, http:\/\/www.musikschule-quickborn.de\/wp-content\/uploads\/2019\/04\/20190407_181539-768x576.jpg 768w, http:\/\/www.musikschule-quickborn.de\/wp-content\/uploads\/2019\/04\/20190407_181539-1024x768.jpg 1024w\" sizes=\"(max-width: 300px) 100vw, 300px\" \/><\/a><a href=\"http:\/\/www.musikschule-quickborn.de\/?attachment_id=943\" rel=\"attachment wp-att-943\"><img loading=\"lazy\" class=\"alignleft size-medium wp-image-943\" src=\"http:\/\/www.musikschule-quickborn.de\/wp-content\/uploads\/2019\/04\/Foto-07.04.19-17-31-57-300x179.jpg\" alt=\"\" width=\"300\" height=\"179\" srcset=\"http:\/\/www.musikschule-quickborn.de\/wp-content\/uploads\/2019\/04\/Foto-07.04.19-17-31-57-300x179.jpg 300w, http:\/\/www.musikschule-quickborn.de\/wp-content\/uploads\/2019\/04\/Foto-07.04.19-17-31-57.jpg 500w\" sizes=\"(max-width: 300px) 100vw, 300px\" \/><\/a><a href=\"http:\/\/www.musikschule-quickborn.de\/?attachment_id=937\" rel=\"attachment wp-att-937\"><img loading=\"lazy\" class=\"alignleft size-medium wp-image-937\" src=\"http:\/\/www.musikschule-quickborn.de\/wp-content\/uploads\/2019\/04\/Foto-06.04.19-16-21-28k-300x107.jpg\" alt=\"\" width=\"300\" height=\"107\" srcset=\"http:\/\/www.musikschule-quickborn.de\/wp-content\/uploads\/2019\/04\/Foto-06.04.19-16-21-28k-300x107.jpg 300w, http:\/\/www.musikschule-quickborn.de\/wp-content\/uploads\/2019\/04\/Foto-06.04.19-16-21-28k.jpg 640w\" sizes=\"(max-width: 300px) 100vw, 300px\" \/><\/a><a href=\"http:\/\/www.musikschule-quickborn.de\/?attachment_id=940\" rel=\"attachment wp-att-940\"><img loading=\"lazy\" class=\"wp-image-940 alignleft\" src=\"http:\/\/www.musikschule-quickborn.de\/wp-content\/uploads\/2019\/04\/IMG-20190414-WA0014-300x225.jpg\" alt=\"\" width=\"536\" height=\"402\" srcset=\"http:\/\/www.musikschule-quickborn.de\/wp-content\/uploads\/2019\/04\/IMG-20190414-WA0014-300x225.jpg 300w, http:\/\/www.musikschule-quickborn.de\/wp-content\/uploads\/2019\/04\/IMG-20190414-WA0014-768x576.jpg 768w, http:\/\/www.musikschule-quickborn.de\/wp-content\/uploads\/2019\/04\/IMG-20190414-WA0014-1024x768.jpg 1024w, http:\/\/www.musikschule-quickborn.de\/wp-content\/uploads\/2019\/04\/IMG-20190414-WA0014.jpg 1600w\" sizes=\"(max-width: 536px) 100vw, 536px\" \/><\/a><\/p>\n","protected":false},"excerpt":{"rendered":"<p>Diese kleine Bilderreihe zeigt einige Eindr\u00fccke unserer Orchesterfahrt nach Boxholm. Gleichzeitig m\u00f6chten wir uns noch einmal bei unseren Gastgebern in Schweden, bei der Stadt Quickborn und vor allem bei unseren Sch\u00fclerinnen und Sch\u00fclern, die diese Reise so engagiert mitgestaltet haben, ganz herzlich bedanken!<\/p>\n","protected":false},"author":1,"featured_media":0,"comment_status":"closed","ping_status":"open","sticky":false,"template":"","format":"standard","meta":[],"categories":[1],"tags":[],"_links":{"self":[{"href":"http:\/\/www.musikschule-quickborn.de\/index.php?rest_route=\/wp\/v2\/posts\/935"}],"collection":[{"href":"http:\/\/www.musikschule-quickborn.de\/index.php?rest_route=\/wp\/v2\/posts"}],"about":[{"href":"http:\/\/www.musikschule-quickborn.de\/index.php?rest_route=\/wp\/v2\/types\/post"}],"author":[{"embeddable":true,"href":"http:\/\/www.musikschule-quickborn.de\/index.php?rest_route=\/wp\/v2\/users\/1"}],"replies":[{"embeddable":true,"href":"http:\/\/www.musikschule-quickborn.de\/index.php?rest_route=%2Fwp%2Fv2%2Fcomments&post=935"}],"version-history":[{"count":1,"href":"http:\/\/www.musikschule-quickborn.de\/index.php?rest_route=\/wp\/v2\/posts\/935\/revisions"}],"predecessor-version":[{"id":944,"href":"http:\/\/www.musikschule-quickborn.de\/index.php?rest_route=\/wp\/v2\/posts\/935\/revisions\/944"}],"wp:attachment":[{"href":"http:\/\/www.musikschule-quickborn.de\/index.php?rest_route=%2Fwp%2Fv2%2Fmedia&parent=935"}],"wp:term":[{"taxonomy":"category","embeddable":true,"href":"http:\/\/www.musikschule-quickborn.de\/index.php?rest_route=%2Fwp%2Fv2%2Fcategories&post=935"},{"taxonomy":"post_tag","embeddable":true,"href":"http:\/\/www.musikschule-quickborn.de\/index.php?rest_route=%2Fwp%2Fv2%2Ftags&post=935"}],"curies":[{"name":"wp","href":"https:\/\/api.w.org\/{rel}","templated":true}]}}