{"id":928,"date":"2019-03-28T11:21:01","date_gmt":"2019-03-28T11:21:01","guid":{"rendered":"http:\/\/www.musikschule-quickborn.de\/?p=928"},"modified":"2019-03-28T11:23:05","modified_gmt":"2019-03-28T11:23:05","slug":"musikschul-news","status":"publish","type":"post","link":"http:\/\/www.musikschule-quickborn.de\/?p=928","title":{"rendered":"Musikschul-News"},"content":{"rendered":"<p>Kurz vor den Osterferien m\u00f6chten wir noch einiges bekanntgeben:<\/p>\n<p>Unsere Sch\u00fcler Jannis Demmig und Jannis Gragert waren auch auf Landesebene bei &#8222;Jugend musiziert&#8220; erfolgreich.\u00a0 Jannis Gragert (Klavier)\u00a0 erhielt mit seinem Duo-Partner Marten Gegalski (Posaune) einen zweiten Preis, wozu wir herzlich gratulieren. Am Schlagzeug konnte Jannis Demmig sich mit einem ersten Preis f\u00fcr den Bundeswettbewerb qualifizieren und erhielt dar\u00fcber hinaus den Sonderpreis des NDR. Auch hierzu nat\u00fcrlich unseren herzlichen Gl\u00fcckwunsch!<\/p>\n<p style=\"text-align: left;\">Wir gehen auf Tour: Vom 05.-08.04.2019 wird ein Ensemble der Musikschule (Perkussions-Ensemble Drum Experience und Mitglieder unseres Orchesters) unsere Partner-Musikschule in Boxholm, Schweden, besuchen. Zusammen mit den dortigen Ensembles werden zwei Konzerte gegeben.<\/p>\n<p>Aufgrund steigender Nachfrage erweitern wir das Angebot in der Musikalischen Fr\u00fcherziehung. Frau Timm bietet neben den drei festen Kursen am Donnerstag-Nachmittag nun auch verschiedene Termine unter dem Oberbegriff \u201eMusikzauber\u201c an, jeweils Samstag, 14.30-18.00 Uhr. Start der neuen Veranstaltungsreihe ist der 27.04.2019 mit dem Thema \u201eDornr\u00f6schen\u201c. Daneben sind feste Kurse am Samstagvormittag in Vorbereitung. N\u00e4here Informationen und weitere Termine bei uns!<\/p>\n<p>Andi Rohde, ehemaliger Sch\u00fcler unserer Musikschule und inzwischen Profi-Schlagzeuger, bietet einen Intensiv-Workshop f\u00fcr alle Musiksch\u00fcler mit dem Titel &#8222;Wie \u00fcbe ich auf meinem Instrument am besten?&#8220; an. Einzelheiten hier:<a href=\"http:\/\/www.musikschule-quickborn.de\/?attachment_id=929\" rel=\"attachment wp-att-929\"><img loading=\"lazy\" class=\" wp-image-929 aligncenter\" src=\"http:\/\/www.musikschule-quickborn.de\/wp-content\/uploads\/2019\/03\/andi_flyer2222-214x300.png\" alt=\"\" width=\"337\" height=\"473\" srcset=\"http:\/\/www.musikschule-quickborn.de\/wp-content\/uploads\/2019\/03\/andi_flyer2222-214x300.png 214w, http:\/\/www.musikschule-quickborn.de\/wp-content\/uploads\/2019\/03\/andi_flyer2222-768x1077.png 768w, http:\/\/www.musikschule-quickborn.de\/wp-content\/uploads\/2019\/03\/andi_flyer2222-730x1024.png 730w, http:\/\/www.musikschule-quickborn.de\/wp-content\/uploads\/2019\/03\/andi_flyer2222.png 1264w\" sizes=\"(max-width: 337px) 100vw, 337px\" \/><\/a><\/p>\n","protected":false},"excerpt":{"rendered":"<p>Kurz vor den Osterferien m\u00f6chten wir noch einiges bekanntgeben: Unsere Sch\u00fcler Jannis Demmig und Jannis Gragert waren auch auf Landesebene bei &#8222;Jugend musiziert&#8220; erfolgreich.\u00a0 Jannis Gragert (Klavier)\u00a0 erhielt mit seinem Duo-Partner Marten Gegalski (Posaune) einen zweiten Preis, wozu wir herzlich gratulieren. Am Schlagzeug konnte Jannis Demmig sich mit einem ersten Preis f\u00fcr den Bundeswettbewerb qualifizieren [&hellip;]<\/p>\n","protected":false},"author":1,"featured_media":0,"comment_status":"closed","ping_status":"open","sticky":false,"template":"","format":"standard","meta":[],"categories":[1],"tags":[],"_links":{"self":[{"href":"http:\/\/www.musikschule-quickborn.de\/index.php?rest_route=\/wp\/v2\/posts\/928"}],"collection":[{"href":"http:\/\/www.musikschule-quickborn.de\/index.php?rest_route=\/wp\/v2\/posts"}],"about":[{"href":"http:\/\/www.musikschule-quickborn.de\/index.php?rest_route=\/wp\/v2\/types\/post"}],"author":[{"embeddable":true,"href":"http:\/\/www.musikschule-quickborn.de\/index.php?rest_route=\/wp\/v2\/users\/1"}],"replies":[{"embeddable":true,"href":"http:\/\/www.musikschule-quickborn.de\/index.php?rest_route=%2Fwp%2Fv2%2Fcomments&post=928"}],"version-history":[{"count":4,"href":"http:\/\/www.musikschule-quickborn.de\/index.php?rest_route=\/wp\/v2\/posts\/928\/revisions"}],"predecessor-version":[{"id":933,"href":"http:\/\/www.musikschule-quickborn.de\/index.php?rest_route=\/wp\/v2\/posts\/928\/revisions\/933"}],"wp:attachment":[{"href":"http:\/\/www.musikschule-quickborn.de\/index.php?rest_route=%2Fwp%2Fv2%2Fmedia&parent=928"}],"wp:term":[{"taxonomy":"category","embeddable":true,"href":"http:\/\/www.musikschule-quickborn.de\/index.php?rest_route=%2Fwp%2Fv2%2Fcategories&post=928"},{"taxonomy":"post_tag","embeddable":true,"href":"http:\/\/www.musikschule-quickborn.de\/index.php?rest_route=%2Fwp%2Fv2%2Ftags&post=928"}],"curies":[{"name":"wp","href":"https:\/\/api.w.org\/{rel}","templated":true}]}}