{"id":907,"date":"2019-01-30T11:27:19","date_gmt":"2019-01-30T11:27:19","guid":{"rendered":"http:\/\/www.musikschule-quickborn.de\/?p=907"},"modified":"2019-01-30T11:27:19","modified_gmt":"2019-01-30T11:27:19","slug":"wir-gratulieren","status":"publish","type":"post","link":"http:\/\/www.musikschule-quickborn.de\/?p=907","title":{"rendered":"Wir gratulieren!"},"content":{"rendered":"<p><a href=\"http:\/\/www.musikschule-quickborn.de\/?attachment_id=908\" rel=\"attachment wp-att-908\"><img loading=\"lazy\" class=\"wp-image-909 alignleft\" src=\"http:\/\/www.musikschule-quickborn.de\/wp-content\/uploads\/2019\/01\/Vanessa-224x300.jpg\" alt=\"\" width=\"76\" height=\"102\" srcset=\"http:\/\/www.musikschule-quickborn.de\/wp-content\/uploads\/2019\/01\/Vanessa-224x300.jpg 224w, http:\/\/www.musikschule-quickborn.de\/wp-content\/uploads\/2019\/01\/Vanessa.jpg 347w\" sizes=\"(max-width: 76px) 100vw, 76px\" \/><\/a><\/p>\n<p><a href=\"http:\/\/www.musikschule-quickborn.de\/?attachment_id=911\" rel=\"attachment wp-att-911\"><img loading=\"lazy\" class=\"alignleft  wp-image-911\" src=\"http:\/\/www.musikschule-quickborn.de\/wp-content\/uploads\/2019\/01\/Jannis-Gragert-300x225.jpg\" alt=\"\" width=\"136\" height=\"102\" srcset=\"http:\/\/www.musikschule-quickborn.de\/wp-content\/uploads\/2019\/01\/Jannis-Gragert-300x225.jpg 300w, http:\/\/www.musikschule-quickborn.de\/wp-content\/uploads\/2019\/01\/Jannis-Gragert-768x576.jpg 768w, http:\/\/www.musikschule-quickborn.de\/wp-content\/uploads\/2019\/01\/Jannis-Gragert-1024x768.jpg 1024w\" sizes=\"(max-width: 136px) 100vw, 136px\" \/><\/a><\/p>\n<p><a href=\"http:\/\/www.musikschule-quickborn.de\/?attachment_id=908\" rel=\"attachment wp-att-908\"><img loading=\"lazy\" class=\"alignleft  wp-image-908\" src=\"http:\/\/www.musikschule-quickborn.de\/wp-content\/uploads\/2019\/01\/Musikschule07-300x169.jpg\" alt=\"\" width=\"181\" height=\"102\" srcset=\"http:\/\/www.musikschule-quickborn.de\/wp-content\/uploads\/2019\/01\/Musikschule07-300x169.jpg 300w, http:\/\/www.musikschule-quickborn.de\/wp-content\/uploads\/2019\/01\/Musikschule07-768x432.jpg 768w, http:\/\/www.musikschule-quickborn.de\/wp-content\/uploads\/2019\/01\/Musikschule07.jpg 922w\" sizes=\"(max-width: 181px) 100vw, 181px\" \/><\/a><\/p>\n<p>&nbsp;<\/p>\n<p>Am 56.Regionalwettbewerb &#8222;Jugend musiziert&#8220;\u00a0 haben dieses Jahr gleich drei Sch\u00fcler der Musikschule der Stadt Quickborn teilgenommen.<\/p>\n<p>&nbsp;<\/p>\n<p>Dabei hat Vanessa Rudolph (Violine, 9 Jahre) in ihrer Altersgruppe einen ersten Preis erhalten. Auch Jannis Gragert (Klavier, 13 Jahre) hat zusammen mit seinem Duo-Partner Marten Gegalski (Posaune) aus Henstedt-Ulzburg\u00a0 einen ersten Preis mit Weiterleitung zum Landeswettbewerb erreicht. Desweiteren wurde Jannis Demmig (Percussion, 14 Jahre) mit der H\u00f6chstpunktzahl von 25 Punkten zum Landeswettbewerb weitergeleitet.<\/p>\n<p>Allen Preistr\u00e4gern gratulieren wir herzlich und w\u00fcnschen viel Erfolg beim Landeswettbewerb, der vom 08.-10. M\u00e4rz in Husum stattfindet.<\/p>\n","protected":false},"excerpt":{"rendered":"<p>&nbsp; Am 56.Regionalwettbewerb &#8222;Jugend musiziert&#8220;\u00a0 haben dieses Jahr gleich drei Sch\u00fcler der Musikschule der Stadt Quickborn teilgenommen. &nbsp; Dabei hat Vanessa Rudolph (Violine, 9 Jahre) in ihrer Altersgruppe einen ersten Preis erhalten. Auch Jannis Gragert (Klavier, 13 Jahre) hat zusammen mit seinem Duo-Partner Marten Gegalski (Posaune) aus Henstedt-Ulzburg\u00a0 einen ersten Preis mit Weiterleitung zum Landeswettbewerb [&hellip;]<\/p>\n","protected":false},"author":1,"featured_media":0,"comment_status":"closed","ping_status":"open","sticky":false,"template":"","format":"standard","meta":[],"categories":[1],"tags":[],"_links":{"self":[{"href":"http:\/\/www.musikschule-quickborn.de\/index.php?rest_route=\/wp\/v2\/posts\/907"}],"collection":[{"href":"http:\/\/www.musikschule-quickborn.de\/index.php?rest_route=\/wp\/v2\/posts"}],"about":[{"href":"http:\/\/www.musikschule-quickborn.de\/index.php?rest_route=\/wp\/v2\/types\/post"}],"author":[{"embeddable":true,"href":"http:\/\/www.musikschule-quickborn.de\/index.php?rest_route=\/wp\/v2\/users\/1"}],"replies":[{"embeddable":true,"href":"http:\/\/www.musikschule-quickborn.de\/index.php?rest_route=%2Fwp%2Fv2%2Fcomments&post=907"}],"version-history":[{"count":10,"href":"http:\/\/www.musikschule-quickborn.de\/index.php?rest_route=\/wp\/v2\/posts\/907\/revisions"}],"predecessor-version":[{"id":922,"href":"http:\/\/www.musikschule-quickborn.de\/index.php?rest_route=\/wp\/v2\/posts\/907\/revisions\/922"}],"wp:attachment":[{"href":"http:\/\/www.musikschule-quickborn.de\/index.php?rest_route=%2Fwp%2Fv2%2Fmedia&parent=907"}],"wp:term":[{"taxonomy":"category","embeddable":true,"href":"http:\/\/www.musikschule-quickborn.de\/index.php?rest_route=%2Fwp%2Fv2%2Fcategories&post=907"},{"taxonomy":"post_tag","embeddable":true,"href":"http:\/\/www.musikschule-quickborn.de\/index.php?rest_route=%2Fwp%2Fv2%2Ftags&post=907"}],"curies":[{"name":"wp","href":"https:\/\/api.w.org\/{rel}","templated":true}]}}