{"id":840,"date":"2018-06-06T07:53:59","date_gmt":"2018-06-06T07:53:59","guid":{"rendered":"http:\/\/www.musikschule-quickborn.de\/?p=840"},"modified":"2018-06-06T08:06:27","modified_gmt":"2018-06-06T08:06:27","slug":"schuelerkonzert-zum-tag-der-musik-2018","status":"publish","type":"post","link":"http:\/\/www.musikschule-quickborn.de\/?p=840","title":{"rendered":"Sch\u00fclerkonzert zum Tag der Musik 2018"},"content":{"rendered":"<p><span id=\"articleText\">Unter dem Motto \u201eStadt. Land. Musik\u201c findet am 16. Juni 2018\u00a0der Tag der Musik im gesamten Bundesgebiet statt.\u00a0Bereits zum zehnten Mal ruft der Deutsche Musikrat mit der bundesweiten Initiative alle Musizierenden in Deutschland dazu auf, gemeinsam ein Zeichen f\u00fcr den Schutz und die F\u00f6rderung der kulturellen Vielfalt zu setzen. Im Fokus steht in diesem Jahr das vielf\u00e4ltige Kulturleben in l\u00e4ndlichen Regionen, das von gro\u00dfen Teilen der Bev\u00f6lkerung gelebt wird &#8211; ein willkommener Anlass f\u00fcr die Musikschule der Stadt Quickborn, sich wieder mit einem gro\u00dfen Sch\u00fclerkonzert daran zu beteiligen. <\/span><\/p>\n<p>Bei diesem Konzert werden in gewohnter Weise Klavier- und Instrumentalsolisten auftreten. Im Mittelpunkt stehen dabei junge Musiker, die sich durch besonderes Engagement ausgezeichnet haben. So wird das Orchester eigene Solisten pr\u00e4sentieren, die unter anderem eine neue Komposition von Anna Milewska urauff\u00fchren. Mit Beitr\u00e4gen des Gesangsensembles verabschiedet sich unsere langj\u00e4hrige Gesangs- und Klavierlehrerein Noriko Ogura aus dem aktiven Musikschulleben.<\/p>\n<p>Dar\u00fcber hinaus hat das Publikum die Gelegenheit, die diesj\u00e4hrigen Preistr\u00e4ger des F\u00f6rderpreises der Stadt Quickborn sowie von &#8222;Jugend musiziert&#8220; zu erleben, wobei die Bundespreistr\u00e4ger Jannis Demmig und Jonathan Gude (Schlagzeug-Duo, s.Foto unten) den Schlusspunkt setzen werden.<\/p>\n<p>Das Konzert findet am 16.06.18.im Artur-Grenz-Saal, Am Freibad 7 statt und beginnt um 16.00 Uhr. Der Eintritt ist frei.<\/p>\n<p>&nbsp;<\/p>\n","protected":false},"excerpt":{"rendered":"<p>Unter dem Motto \u201eStadt. Land. Musik\u201c findet am 16. Juni 2018\u00a0der Tag der Musik im gesamten Bundesgebiet statt.\u00a0Bereits zum zehnten Mal ruft der Deutsche Musikrat mit der bundesweiten Initiative alle Musizierenden in Deutschland dazu auf, gemeinsam ein Zeichen f\u00fcr den Schutz und die F\u00f6rderung der kulturellen Vielfalt zu setzen. Im Fokus steht in diesem Jahr [&hellip;]<\/p>\n","protected":false},"author":1,"featured_media":0,"comment_status":"closed","ping_status":"open","sticky":false,"template":"","format":"standard","meta":[],"categories":[1],"tags":[],"_links":{"self":[{"href":"http:\/\/www.musikschule-quickborn.de\/index.php?rest_route=\/wp\/v2\/posts\/840"}],"collection":[{"href":"http:\/\/www.musikschule-quickborn.de\/index.php?rest_route=\/wp\/v2\/posts"}],"about":[{"href":"http:\/\/www.musikschule-quickborn.de\/index.php?rest_route=\/wp\/v2\/types\/post"}],"author":[{"embeddable":true,"href":"http:\/\/www.musikschule-quickborn.de\/index.php?rest_route=\/wp\/v2\/users\/1"}],"replies":[{"embeddable":true,"href":"http:\/\/www.musikschule-quickborn.de\/index.php?rest_route=%2Fwp%2Fv2%2Fcomments&post=840"}],"version-history":[{"count":4,"href":"http:\/\/www.musikschule-quickborn.de\/index.php?rest_route=\/wp\/v2\/posts\/840\/revisions"}],"predecessor-version":[{"id":844,"href":"http:\/\/www.musikschule-quickborn.de\/index.php?rest_route=\/wp\/v2\/posts\/840\/revisions\/844"}],"wp:attachment":[{"href":"http:\/\/www.musikschule-quickborn.de\/index.php?rest_route=%2Fwp%2Fv2%2Fmedia&parent=840"}],"wp:term":[{"taxonomy":"category","embeddable":true,"href":"http:\/\/www.musikschule-quickborn.de\/index.php?rest_route=%2Fwp%2Fv2%2Fcategories&post=840"},{"taxonomy":"post_tag","embeddable":true,"href":"http:\/\/www.musikschule-quickborn.de\/index.php?rest_route=%2Fwp%2Fv2%2Ftags&post=840"}],"curies":[{"name":"wp","href":"https:\/\/api.w.org\/{rel}","templated":true}]}}