{"id":774,"date":"2018-02-06T10:10:40","date_gmt":"2018-02-06T10:10:40","guid":{"rendered":"http:\/\/www.musikschule-quickborn.de\/?p=774"},"modified":"2018-02-06T10:15:34","modified_gmt":"2018-02-06T10:15:34","slug":"jugend-musiziert-2018-die-preistraeger-unserer-musikschule","status":"publish","type":"post","link":"http:\/\/www.musikschule-quickborn.de\/?p=774","title":{"rendered":"Jugend musiziert 2018 &#8211; die Preistr\u00e4ger unserer Musikschule"},"content":{"rendered":"<p><a href=\"http:\/\/www.musikschule-quickborn.de\/?attachment_id=775\" rel=\"attachment wp-att-775\"><img loading=\"lazy\" class=\"size-medium wp-image-775 alignright\" src=\"http:\/\/www.musikschule-quickborn.de\/wp-content\/uploads\/2018\/02\/IMGP0442-225x300.jpg\" alt=\"\" width=\"225\" height=\"300\" srcset=\"http:\/\/www.musikschule-quickborn.de\/wp-content\/uploads\/2018\/02\/IMGP0442-225x300.jpg 225w, http:\/\/www.musikschule-quickborn.de\/wp-content\/uploads\/2018\/02\/IMGP0442-768x1024.jpg 768w\" sizes=\"(max-width: 225px) 100vw, 225px\" \/><\/a><a href=\"http:\/\/www.musikschule-quickborn.de\/?attachment_id=776\" rel=\"attachment wp-att-776\"><img loading=\"lazy\" class=\"size-medium wp-image-776 alignleft\" src=\"http:\/\/www.musikschule-quickborn.de\/wp-content\/uploads\/2018\/02\/IMG-20180201-WA0000-300x225.jpg\" alt=\"\" width=\"300\" height=\"225\" srcset=\"http:\/\/www.musikschule-quickborn.de\/wp-content\/uploads\/2018\/02\/IMG-20180201-WA0000-300x225.jpg 300w, http:\/\/www.musikschule-quickborn.de\/wp-content\/uploads\/2018\/02\/IMG-20180201-WA0000-768x576.jpg 768w, http:\/\/www.musikschule-quickborn.de\/wp-content\/uploads\/2018\/02\/IMG-20180201-WA0000-1024x768.jpg 1024w, http:\/\/www.musikschule-quickborn.de\/wp-content\/uploads\/2018\/02\/IMG-20180201-WA0000.jpg 1280w\" sizes=\"(max-width: 300px) 100vw, 300px\" \/><\/a><\/p>\n<p>&nbsp;<\/p>\n<p>Wir gratulieren den Preistr\u00e4gern Jakob Schilling (Trompete) und Jannis Demmig (Schlagzeug-Ensemble zusammen mit Jonathan Gude) zur erfolgreichen Teilnahme am Regional-Wettbewerb Jugend musiziert!<\/p>\n<p>&nbsp;<\/p>\n<p>&nbsp;<\/p>\n<p>Das mit der H\u00f6chstpunktzahl ausgezeichnete Schlagzeug-Duo Jannis Demmig und Jonathan Gude wird &#8211; neben anderen h\u00f6renswerten Beitr\u00e4gen von Preistr\u00e4gern aus der Region &#8211; auch beim Preistr\u00e4gerkonzert in der Drostei Pinneberg am Sonntag, den 11.02.2018 um 18.00 Uhr zu h\u00f6ren sein.<\/p>\n<p>Der Eintritt zu dieser Veranstaltung ist frei.<\/p>\n","protected":false},"excerpt":{"rendered":"<p>&nbsp; Wir gratulieren den Preistr\u00e4gern Jakob Schilling (Trompete) und Jannis Demmig (Schlagzeug-Ensemble zusammen mit Jonathan Gude) zur erfolgreichen Teilnahme am Regional-Wettbewerb Jugend musiziert! &nbsp; &nbsp; Das mit der H\u00f6chstpunktzahl ausgezeichnete Schlagzeug-Duo Jannis Demmig und Jonathan Gude wird &#8211; neben anderen h\u00f6renswerten Beitr\u00e4gen von Preistr\u00e4gern aus der Region &#8211; auch beim Preistr\u00e4gerkonzert in der Drostei Pinneberg [&hellip;]<\/p>\n","protected":false},"author":1,"featured_media":0,"comment_status":"closed","ping_status":"open","sticky":false,"template":"","format":"standard","meta":[],"categories":[1],"tags":[],"_links":{"self":[{"href":"http:\/\/www.musikschule-quickborn.de\/index.php?rest_route=\/wp\/v2\/posts\/774"}],"collection":[{"href":"http:\/\/www.musikschule-quickborn.de\/index.php?rest_route=\/wp\/v2\/posts"}],"about":[{"href":"http:\/\/www.musikschule-quickborn.de\/index.php?rest_route=\/wp\/v2\/types\/post"}],"author":[{"embeddable":true,"href":"http:\/\/www.musikschule-quickborn.de\/index.php?rest_route=\/wp\/v2\/users\/1"}],"replies":[{"embeddable":true,"href":"http:\/\/www.musikschule-quickborn.de\/index.php?rest_route=%2Fwp%2Fv2%2Fcomments&post=774"}],"version-history":[{"count":9,"href":"http:\/\/www.musikschule-quickborn.de\/index.php?rest_route=\/wp\/v2\/posts\/774\/revisions"}],"predecessor-version":[{"id":786,"href":"http:\/\/www.musikschule-quickborn.de\/index.php?rest_route=\/wp\/v2\/posts\/774\/revisions\/786"}],"wp:attachment":[{"href":"http:\/\/www.musikschule-quickborn.de\/index.php?rest_route=%2Fwp%2Fv2%2Fmedia&parent=774"}],"wp:term":[{"taxonomy":"category","embeddable":true,"href":"http:\/\/www.musikschule-quickborn.de\/index.php?rest_route=%2Fwp%2Fv2%2Fcategories&post=774"},{"taxonomy":"post_tag","embeddable":true,"href":"http:\/\/www.musikschule-quickborn.de\/index.php?rest_route=%2Fwp%2Fv2%2Ftags&post=774"}],"curies":[{"name":"wp","href":"https:\/\/api.w.org\/{rel}","templated":true}]}}