{"id":673,"date":"2017-06-01T09:01:18","date_gmt":"2017-06-01T09:01:18","guid":{"rendered":"http:\/\/www.musikschule-quickborn.de\/?p=673"},"modified":"2017-06-01T09:02:26","modified_gmt":"2017-06-01T09:02:26","slug":"schuelerkonzert-zum-tag-der-musik-2017","status":"publish","type":"post","link":"http:\/\/www.musikschule-quickborn.de\/?p=673","title":{"rendered":"Sch\u00fclerkonzert zum Tag der Musik 2017"},"content":{"rendered":"<p><a href=\"http:\/\/www.musikschule-quickborn.de\/?attachment_id=674\" rel=\"attachment wp-att-674\"><img loading=\"lazy\" class=\"alignleft wp-image-674\" src=\"http:\/\/www.musikschule-quickborn.de\/wp-content\/uploads\/2017\/06\/IMG_7283-200x300.jpg\" alt=\"\" width=\"222\" height=\"334\" srcset=\"http:\/\/www.musikschule-quickborn.de\/wp-content\/uploads\/2017\/06\/IMG_7283-200x300.jpg 200w, http:\/\/www.musikschule-quickborn.de\/wp-content\/uploads\/2017\/06\/IMG_7283-768x1152.jpg 768w, http:\/\/www.musikschule-quickborn.de\/wp-content\/uploads\/2017\/06\/IMG_7283-683x1024.jpg 683w\" sizes=\"(max-width: 222px) 100vw, 222px\" \/><\/a><\/p>\n<p>&nbsp;<\/p>\n<p>Traditionell veranstaltet die Musikschule der Stadt Quickborn ein gro\u00dfes Sch\u00fclerkonzert zum Tag der Musik, an dem Solisten, Ensembles und das Orchester\u00a0beliebte Werke von Klassik bis Pop zu Geh\u00f6r bringen. Daneben k\u00f6nnen sich die Zuh\u00f6rer nun auf ganz neue Kl\u00e4nge freuen, die bestens zum Motto des diesj\u00e4hrigen Musikschultages\u00a0 &#8211; &#8222;Musiklandschaften: Orchestergipfel&#8220; &#8211; passen. Die Idee, insbesondere regionale Besonderheiten hervorheben, ist f\u00fcr uns ein willkommener Anlass, den Auftakt zu dem Projekt &#8222;Quickborner KomponistInnen&#8220; in diesem Rahmen zu geben. Einerseits m\u00f6chten wir Kompositionen von Artur Grenz (immerhin Namensgeber unseres Konzertsaales) vorstellen, andererseits m\u00f6chten wir jungen Komponisten und Komponistinnen aus der Region die M\u00f6glichkeit geben, ihre Werke zu pr\u00e4sentieren.<\/p>\n<p>So wird das Orchester die &#8222;Zirkus-Musik&#8220; von Artur Grenz wieder-\u00a0 sowie die Kompositionen &#8222;Leaf in the Air Temple&#8220; und &#8222;Fire&#8220; von Anna Milewska (s. Foto) urauff\u00fchren.<\/p>\n<p>Das Konzert findet am 17.06.2017 im Artur-Grenz-Saal, Am Freibad 7 statt. Konzertbeginn ist um 16.00 Uhr. Der Eintritt ist frei.<\/p>\n<p>&nbsp;<\/p>\n<p>&nbsp;<\/p>\n","protected":false},"excerpt":{"rendered":"<p>&nbsp; Traditionell veranstaltet die Musikschule der Stadt Quickborn ein gro\u00dfes Sch\u00fclerkonzert zum Tag der Musik, an dem Solisten, Ensembles und das Orchester\u00a0beliebte Werke von Klassik bis Pop zu Geh\u00f6r bringen. Daneben k\u00f6nnen sich die Zuh\u00f6rer nun auf ganz neue Kl\u00e4nge freuen, die bestens zum Motto des diesj\u00e4hrigen Musikschultages\u00a0 &#8211; &#8222;Musiklandschaften: Orchestergipfel&#8220; &#8211; passen. Die Idee, [&hellip;]<\/p>\n","protected":false},"author":1,"featured_media":0,"comment_status":"closed","ping_status":"open","sticky":false,"template":"","format":"standard","meta":[],"categories":[1],"tags":[],"_links":{"self":[{"href":"http:\/\/www.musikschule-quickborn.de\/index.php?rest_route=\/wp\/v2\/posts\/673"}],"collection":[{"href":"http:\/\/www.musikschule-quickborn.de\/index.php?rest_route=\/wp\/v2\/posts"}],"about":[{"href":"http:\/\/www.musikschule-quickborn.de\/index.php?rest_route=\/wp\/v2\/types\/post"}],"author":[{"embeddable":true,"href":"http:\/\/www.musikschule-quickborn.de\/index.php?rest_route=\/wp\/v2\/users\/1"}],"replies":[{"embeddable":true,"href":"http:\/\/www.musikschule-quickborn.de\/index.php?rest_route=%2Fwp%2Fv2%2Fcomments&post=673"}],"version-history":[{"count":4,"href":"http:\/\/www.musikschule-quickborn.de\/index.php?rest_route=\/wp\/v2\/posts\/673\/revisions"}],"predecessor-version":[{"id":678,"href":"http:\/\/www.musikschule-quickborn.de\/index.php?rest_route=\/wp\/v2\/posts\/673\/revisions\/678"}],"wp:attachment":[{"href":"http:\/\/www.musikschule-quickborn.de\/index.php?rest_route=%2Fwp%2Fv2%2Fmedia&parent=673"}],"wp:term":[{"taxonomy":"category","embeddable":true,"href":"http:\/\/www.musikschule-quickborn.de\/index.php?rest_route=%2Fwp%2Fv2%2Fcategories&post=673"},{"taxonomy":"post_tag","embeddable":true,"href":"http:\/\/www.musikschule-quickborn.de\/index.php?rest_route=%2Fwp%2Fv2%2Ftags&post=673"}],"curies":[{"name":"wp","href":"https:\/\/api.w.org\/{rel}","templated":true}]}}