{"id":608,"date":"2016-09-13T09:02:01","date_gmt":"2016-09-13T09:02:01","guid":{"rendered":"http:\/\/www.musikschule-quickborn.de\/?p=608"},"modified":"2016-09-13T09:02:48","modified_gmt":"2016-09-13T09:02:48","slug":"neue-kurse-fuer-die-kleinen-2","status":"publish","type":"post","link":"http:\/\/www.musikschule-quickborn.de\/?p=608","title":{"rendered":"Neue Kurse f\u00fcr die Kleinen!"},"content":{"rendered":"<p>Wir freuen uns, dass unsere Lehrkraft in der Musikalischen Fr\u00fcherziehung, Frau Julia Timm, ihr Angebot in diesem Schuljahr auch auf den Nachmittag ausdehnen und damit den W\u00fcnschen vieler Eltern und Kinder entgegenkommen wird.<\/p>\n<p>Selbstverst\u00e4ndlich bleiben auch die Projekttage am Samstagnachmittag (n\u00e4chster Termin 8.10.) unter der Leitung von Frau Olga Singer erhalten.<\/p>\n<p>Einzelheiten und Termine finden Sie unter der Rubrik &#8222;Angebote&#8220; &#8211; &#8222;Musikkatzen&#8220; bzw. &#8222;Projekttage in der MFE&#8220;<\/p>\n<p>&nbsp;<\/p>\n","protected":false},"excerpt":{"rendered":"<p>Wir freuen uns, dass unsere Lehrkraft in der Musikalischen Fr\u00fcherziehung, Frau Julia Timm, ihr Angebot in diesem Schuljahr auch auf den Nachmittag ausdehnen und damit den W\u00fcnschen vieler Eltern und Kinder entgegenkommen wird. Selbstverst\u00e4ndlich bleiben auch die Projekttage am Samstagnachmittag (n\u00e4chster Termin 8.10.) unter der Leitung von Frau Olga Singer erhalten. Einzelheiten und Termine finden [&hellip;]<\/p>\n","protected":false},"author":1,"featured_media":0,"comment_status":"closed","ping_status":"open","sticky":false,"template":"","format":"standard","meta":[],"categories":[1],"tags":[],"_links":{"self":[{"href":"http:\/\/www.musikschule-quickborn.de\/index.php?rest_route=\/wp\/v2\/posts\/608"}],"collection":[{"href":"http:\/\/www.musikschule-quickborn.de\/index.php?rest_route=\/wp\/v2\/posts"}],"about":[{"href":"http:\/\/www.musikschule-quickborn.de\/index.php?rest_route=\/wp\/v2\/types\/post"}],"author":[{"embeddable":true,"href":"http:\/\/www.musikschule-quickborn.de\/index.php?rest_route=\/wp\/v2\/users\/1"}],"replies":[{"embeddable":true,"href":"http:\/\/www.musikschule-quickborn.de\/index.php?rest_route=%2Fwp%2Fv2%2Fcomments&post=608"}],"version-history":[{"count":3,"href":"http:\/\/www.musikschule-quickborn.de\/index.php?rest_route=\/wp\/v2\/posts\/608\/revisions"}],"predecessor-version":[{"id":614,"href":"http:\/\/www.musikschule-quickborn.de\/index.php?rest_route=\/wp\/v2\/posts\/608\/revisions\/614"}],"wp:attachment":[{"href":"http:\/\/www.musikschule-quickborn.de\/index.php?rest_route=%2Fwp%2Fv2%2Fmedia&parent=608"}],"wp:term":[{"taxonomy":"category","embeddable":true,"href":"http:\/\/www.musikschule-quickborn.de\/index.php?rest_route=%2Fwp%2Fv2%2Fcategories&post=608"},{"taxonomy":"post_tag","embeddable":true,"href":"http:\/\/www.musikschule-quickborn.de\/index.php?rest_route=%2Fwp%2Fv2%2Ftags&post=608"}],"curies":[{"name":"wp","href":"https:\/\/api.w.org\/{rel}","templated":true}]}}