{"id":589,"date":"2016-06-09T08:04:15","date_gmt":"2016-06-09T08:04:15","guid":{"rendered":"http:\/\/www.musikschule-quickborn.de\/?p=589"},"modified":"2016-06-09T08:04:15","modified_gmt":"2016-06-09T08:04:15","slug":"schuelerkonzert-zum-tag-der-musik-am-18-06-16","status":"publish","type":"post","link":"http:\/\/www.musikschule-quickborn.de\/?p=589","title":{"rendered":"Sch\u00fclerkonzert zum Tag der Musik am 18.06.16"},"content":{"rendered":"<p>Mit einem gro\u00dfen Sch\u00fclerkonzert beteiligen wir uns am Tag der Musik, der am 18.06. bundesweit begangen wird. Um<a href=\"http:\/\/www.musikschule-quickborn.de\/?attachment_id=604\" rel=\"attachment wp-att-604\"><img loading=\"lazy\" class=\" wp-image-604 alignright\" src=\"http:\/\/www.musikschule-quickborn.de\/wp-content\/uploads\/2016\/06\/DSC00244-1-300x200.jpg\" alt=\"DSC00244\" width=\"354\" height=\"236\" srcset=\"http:\/\/www.musikschule-quickborn.de\/wp-content\/uploads\/2016\/06\/DSC00244-1-300x200.jpg 300w, http:\/\/www.musikschule-quickborn.de\/wp-content\/uploads\/2016\/06\/DSC00244-1-768x511.jpg 768w, http:\/\/www.musikschule-quickborn.de\/wp-content\/uploads\/2016\/06\/DSC00244-1.jpg 901w\" sizes=\"(max-width: 354px) 100vw, 354px\" \/><\/a> 18:00 Uhr beginnt das Programm mit Beitr\u00e4gen von Ensembles und Solisten, unter ihnen auch Preistr\u00e4ger des Wettbewerbs &#8222;Jugend musiziert&#8220; oder des F\u00f6rderpreises f\u00fcr jugendliche Musikaus\u00fcbende der Stadt Quickborn.<\/p>\n<p><a href=\"http:\/\/www.musikschule-quickborn.de\/?attachment_id=603\" rel=\"attachment wp-att-603\"><img loading=\"lazy\" class=\"alignleft  wp-image-603\" src=\"http:\/\/www.musikschule-quickborn.de\/wp-content\/uploads\/2016\/06\/Orchester-1-300x225.jpg\" alt=\"Orchester\" width=\"332\" height=\"249\" srcset=\"http:\/\/www.musikschule-quickborn.de\/wp-content\/uploads\/2016\/06\/Orchester-1-300x225.jpg 300w, http:\/\/www.musikschule-quickborn.de\/wp-content\/uploads\/2016\/06\/Orchester-1-768x576.jpg 768w, http:\/\/www.musikschule-quickborn.de\/wp-content\/uploads\/2016\/06\/Orchester-1.jpg 800w\" sizes=\"(max-width: 332px) 100vw, 332px\" \/><\/a><\/p>\n<p>In einem zweiten Teil wird das Orchester der Musikschule mit klassischen Werken (Grieg, Saint-Sa\u00ebns) sowie Filmmusik (Skyfall, Fluch der Karibik) Uta Grehm verabschieden, die neben ihrer langj\u00e4hrigen T\u00e4tigkeit als Geigen-Dozentin auch f\u00fcr das Orchester mitverantwortlich war.<\/p>\n<p>Das Konzert findet im Artur-Grenz-Saal statt. Der Eintritt ist frei.<\/p>\n","protected":false},"excerpt":{"rendered":"<p>Mit einem gro\u00dfen Sch\u00fclerkonzert beteiligen wir uns am Tag der Musik, der am 18.06. bundesweit begangen wird. Um 18:00 Uhr beginnt das Programm mit Beitr\u00e4gen von Ensembles und Solisten, unter ihnen auch Preistr\u00e4ger des Wettbewerbs &#8222;Jugend musiziert&#8220; oder des F\u00f6rderpreises f\u00fcr jugendliche Musikaus\u00fcbende der Stadt Quickborn. In einem zweiten Teil wird das Orchester der Musikschule [&hellip;]<\/p>\n","protected":false},"author":1,"featured_media":0,"comment_status":"closed","ping_status":"open","sticky":false,"template":"","format":"standard","meta":[],"categories":[1],"tags":[],"_links":{"self":[{"href":"http:\/\/www.musikschule-quickborn.de\/index.php?rest_route=\/wp\/v2\/posts\/589"}],"collection":[{"href":"http:\/\/www.musikschule-quickborn.de\/index.php?rest_route=\/wp\/v2\/posts"}],"about":[{"href":"http:\/\/www.musikschule-quickborn.de\/index.php?rest_route=\/wp\/v2\/types\/post"}],"author":[{"embeddable":true,"href":"http:\/\/www.musikschule-quickborn.de\/index.php?rest_route=\/wp\/v2\/users\/1"}],"replies":[{"embeddable":true,"href":"http:\/\/www.musikschule-quickborn.de\/index.php?rest_route=%2Fwp%2Fv2%2Fcomments&post=589"}],"version-history":[{"count":2,"href":"http:\/\/www.musikschule-quickborn.de\/index.php?rest_route=\/wp\/v2\/posts\/589\/revisions"}],"predecessor-version":[{"id":605,"href":"http:\/\/www.musikschule-quickborn.de\/index.php?rest_route=\/wp\/v2\/posts\/589\/revisions\/605"}],"wp:attachment":[{"href":"http:\/\/www.musikschule-quickborn.de\/index.php?rest_route=%2Fwp%2Fv2%2Fmedia&parent=589"}],"wp:term":[{"taxonomy":"category","embeddable":true,"href":"http:\/\/www.musikschule-quickborn.de\/index.php?rest_route=%2Fwp%2Fv2%2Fcategories&post=589"},{"taxonomy":"post_tag","embeddable":true,"href":"http:\/\/www.musikschule-quickborn.de\/index.php?rest_route=%2Fwp%2Fv2%2Ftags&post=589"}],"curies":[{"name":"wp","href":"https:\/\/api.w.org\/{rel}","templated":true}]}}