{"id":562,"date":"2016-03-15T10:24:16","date_gmt":"2016-03-15T10:24:16","guid":{"rendered":"http:\/\/www.musikschule-quickborn.de\/?p=562"},"modified":"2016-03-15T10:24:16","modified_gmt":"2016-03-15T10:24:16","slug":"linus-und-jannis-demmig-unsere-diesjaehrigen-jugend-musiziert-preistraeger","status":"publish","type":"post","link":"http:\/\/www.musikschule-quickborn.de\/?p=562","title":{"rendered":"Linus und Jannis Demmig: Unsere diesj\u00e4hrigen &#8222;Jugend  musiziert&#8220;-Preistr\u00e4ger"},"content":{"rendered":"<p><a href=\"http:\/\/www.musikschule-quickborn.de\/wp-content\/uploads\/2016\/03\/Jannis-Demmig-Workshop-2016.jpeg\"><img loading=\"lazy\" class=\"  wp-image-563 alignright\" src=\"http:\/\/www.musikschule-quickborn.de\/wp-content\/uploads\/2016\/03\/Jannis-Demmig-Workshop-2016-300x225.jpeg\" alt=\"Jannis Demmig Workshop 2016\" width=\"306\" height=\"229\" srcset=\"http:\/\/www.musikschule-quickborn.de\/wp-content\/uploads\/2016\/03\/Jannis-Demmig-Workshop-2016-300x225.jpeg 300w, http:\/\/www.musikschule-quickborn.de\/wp-content\/uploads\/2016\/03\/Jannis-Demmig-Workshop-2016-1024x768.jpeg 1024w\" sizes=\"(max-width: 306px) 100vw, 306px\" \/><\/a>Die Br\u00fcder Linus und Jannis Demmig, beide Sch\u00fcler von Mareike Niehues, haben mit gro\u00dfem Erfolg in der Kategorie &#8222;Percussion solo&#8220; am diesj\u00e4hrigen &#8222;Jugend musiziert&#8220;-Wettbewerb teilgenommen. Bereits auf Regionalebene erreichten beide ein hervorragendes Ergebnis:\u00a0 Sie konnten jeweils einen ersten Preis entgegennehmen. Hierbei erhielt Jannis auch die Berechtigung zur Teilnahme am Landeswettbewerb, wohingegen Linus lediglich aufgrund seines jungen Alters hieran noch nicht teilnehmen konnte.<\/p>\n<p>Im Hinblick auf den Landeswettbewerb organisierte Mareike Niehues ein Coaching-Wochenende f\u00fcr alle Teilnehmer aus Schleswig-Holstein, der in unserem Schlagzeughaus stattfand. Unter Leitung von Prof. Massimo Drechsler von der Hamburger Musikhochschule konnten die Sch\u00fcler ihrem Wettbewerbsprogramm den letzten Schliff geben. Hieran nahm nat\u00fcrlich auch Jannis Demmig teil (s. Foto).\u00a0 Die intensive Vorbereitung hat sich gelohnt: Jannis schloss den Wettbewerb auf Landesebene als Jahrgangsbester mit der Traumnote von 25 Punkten ab. Wir gratulieren ihm, seiner Lehrerin und seiner Familie dazu herzlich!<\/p>\n<p>&nbsp;<\/p>\n","protected":false},"excerpt":{"rendered":"<p>Die Br\u00fcder Linus und Jannis Demmig, beide Sch\u00fcler von Mareike Niehues, haben mit gro\u00dfem Erfolg in der Kategorie &#8222;Percussion solo&#8220; am diesj\u00e4hrigen &#8222;Jugend musiziert&#8220;-Wettbewerb teilgenommen. Bereits auf Regionalebene erreichten beide ein hervorragendes Ergebnis:\u00a0 Sie konnten jeweils einen ersten Preis entgegennehmen. Hierbei erhielt Jannis auch die Berechtigung zur Teilnahme am Landeswettbewerb, wohingegen Linus lediglich aufgrund seines [&hellip;]<\/p>\n","protected":false},"author":1,"featured_media":0,"comment_status":"closed","ping_status":"open","sticky":false,"template":"","format":"standard","meta":[],"categories":[1],"tags":[],"_links":{"self":[{"href":"http:\/\/www.musikschule-quickborn.de\/index.php?rest_route=\/wp\/v2\/posts\/562"}],"collection":[{"href":"http:\/\/www.musikschule-quickborn.de\/index.php?rest_route=\/wp\/v2\/posts"}],"about":[{"href":"http:\/\/www.musikschule-quickborn.de\/index.php?rest_route=\/wp\/v2\/types\/post"}],"author":[{"embeddable":true,"href":"http:\/\/www.musikschule-quickborn.de\/index.php?rest_route=\/wp\/v2\/users\/1"}],"replies":[{"embeddable":true,"href":"http:\/\/www.musikschule-quickborn.de\/index.php?rest_route=%2Fwp%2Fv2%2Fcomments&post=562"}],"version-history":[{"count":4,"href":"http:\/\/www.musikschule-quickborn.de\/index.php?rest_route=\/wp\/v2\/posts\/562\/revisions"}],"predecessor-version":[{"id":567,"href":"http:\/\/www.musikschule-quickborn.de\/index.php?rest_route=\/wp\/v2\/posts\/562\/revisions\/567"}],"wp:attachment":[{"href":"http:\/\/www.musikschule-quickborn.de\/index.php?rest_route=%2Fwp%2Fv2%2Fmedia&parent=562"}],"wp:term":[{"taxonomy":"category","embeddable":true,"href":"http:\/\/www.musikschule-quickborn.de\/index.php?rest_route=%2Fwp%2Fv2%2Fcategories&post=562"},{"taxonomy":"post_tag","embeddable":true,"href":"http:\/\/www.musikschule-quickborn.de\/index.php?rest_route=%2Fwp%2Fv2%2Ftags&post=562"}],"curies":[{"name":"wp","href":"https:\/\/api.w.org\/{rel}","templated":true}]}}