{"id":505,"date":"2015-11-12T08:43:00","date_gmt":"2015-11-12T08:43:00","guid":{"rendered":"http:\/\/www.musikschule-quickborn.de\/?p=505"},"modified":"2015-11-12T10:04:15","modified_gmt":"2015-11-12T10:04:15","slug":"peter-und-der-wolf-das-adventskonzert-des-musikschul-orchesters","status":"publish","type":"post","link":"http:\/\/www.musikschule-quickborn.de\/?p=505","title":{"rendered":"Peter und der Wolf &#8211;  das Adventskonzert des Musikschul-Orchesters"},"content":{"rendered":"<div id=\"attachment_509\" style=\"width: 310px\" class=\"wp-caption alignright\"><a href=\"http:\/\/www.musikschule-quickborn.de\/wp-content\/uploads\/2015\/11\/K800_DSC00974.jpg\"><img aria-describedby=\"caption-attachment-509\" loading=\"lazy\" class=\"wp-image-509 size-medium\" src=\"http:\/\/www.musikschule-quickborn.de\/wp-content\/uploads\/2015\/11\/K800_DSC00974-300x200.jpg\" alt=\"K800_DSC00974\" width=\"300\" height=\"200\" srcset=\"http:\/\/www.musikschule-quickborn.de\/wp-content\/uploads\/2015\/11\/K800_DSC00974-300x200.jpg 300w, http:\/\/www.musikschule-quickborn.de\/wp-content\/uploads\/2015\/11\/K800_DSC00974.jpg 901w\" sizes=\"(max-width: 300px) 100vw, 300px\" \/><\/a><p id=\"caption-attachment-509\" class=\"wp-caption-text\">Das Musikschul-Orchester beim Adventskonzert 2014<\/p><\/div>\n<p>Am Freitag, den 27.11.2015 wird das Orchester der Musikschule unter der Leitung von Lorenz Jensen im Artur-Grenz-Saal sein traditionelles Adventskonzert pr\u00e4sentieren.\u00a0Als Hauptwerk steht das musikalische M\u00e4rchen \u201cPeter und der Wolf\u201d von Sergej Prokofjew, in dem Frank-Peter K\u00f6nen die Rolle des Sprechers \u00fcbernimmt, auf dem Programm. Nachdem zur Einstimmung einige Advents- und Weihnachtslieder vom Bl\u00e4ser-Ensemble der Musikschule aufgef\u00fchrt werden, erklingen im ersten Teil das &#8222;Concerto grosso fatto per la notte di Natale&#8220; von Arcangelo Corelli &#8211; mit eigenen Solisten &#8211; sowie die &#8222;Schlittenfahrt&#8220; von Leopold Mozart. Zwei Werke f\u00fcr Fagott-Quartett von Corelli und Prokofjew runden das Programm ab.<\/p>\n<p>Die Veranstaltung beginnt um 18:00 Uhr, der Eintritt betr\u00e4gt 4,00 \u20ac f\u00fcr Erwachsene und 2,00 \u20ac f\u00fcr Kinder. Weitere Informationen sowie Kartenreservierungen unter 04106- 814 28 oder per E-Mail unter info@musikschule-quickborn.de<\/p>\n","protected":false},"excerpt":{"rendered":"<p>Am Freitag, den 27.11.2015 wird das Orchester der Musikschule unter der Leitung von Lorenz Jensen im Artur-Grenz-Saal sein traditionelles Adventskonzert pr\u00e4sentieren.\u00a0Als Hauptwerk steht das musikalische M\u00e4rchen \u201cPeter und der Wolf\u201d von Sergej Prokofjew, in dem Frank-Peter K\u00f6nen die Rolle des Sprechers \u00fcbernimmt, auf dem Programm. Nachdem zur Einstimmung einige Advents- und Weihnachtslieder vom Bl\u00e4ser-Ensemble der [&hellip;]<\/p>\n","protected":false},"author":1,"featured_media":0,"comment_status":"closed","ping_status":"open","sticky":false,"template":"","format":"standard","meta":[],"categories":[1],"tags":[],"_links":{"self":[{"href":"http:\/\/www.musikschule-quickborn.de\/index.php?rest_route=\/wp\/v2\/posts\/505"}],"collection":[{"href":"http:\/\/www.musikschule-quickborn.de\/index.php?rest_route=\/wp\/v2\/posts"}],"about":[{"href":"http:\/\/www.musikschule-quickborn.de\/index.php?rest_route=\/wp\/v2\/types\/post"}],"author":[{"embeddable":true,"href":"http:\/\/www.musikschule-quickborn.de\/index.php?rest_route=\/wp\/v2\/users\/1"}],"replies":[{"embeddable":true,"href":"http:\/\/www.musikschule-quickborn.de\/index.php?rest_route=%2Fwp%2Fv2%2Fcomments&post=505"}],"version-history":[{"count":6,"href":"http:\/\/www.musikschule-quickborn.de\/index.php?rest_route=\/wp\/v2\/posts\/505\/revisions"}],"predecessor-version":[{"id":513,"href":"http:\/\/www.musikschule-quickborn.de\/index.php?rest_route=\/wp\/v2\/posts\/505\/revisions\/513"}],"wp:attachment":[{"href":"http:\/\/www.musikschule-quickborn.de\/index.php?rest_route=%2Fwp%2Fv2%2Fmedia&parent=505"}],"wp:term":[{"taxonomy":"category","embeddable":true,"href":"http:\/\/www.musikschule-quickborn.de\/index.php?rest_route=%2Fwp%2Fv2%2Fcategories&post=505"},{"taxonomy":"post_tag","embeddable":true,"href":"http:\/\/www.musikschule-quickborn.de\/index.php?rest_route=%2Fwp%2Fv2%2Ftags&post=505"}],"curies":[{"name":"wp","href":"https:\/\/api.w.org\/{rel}","templated":true}]}}