{"id":461,"date":"2015-03-03T09:55:00","date_gmt":"2015-03-03T09:55:00","guid":{"rendered":"http:\/\/www.musikschule-quickborn.de\/?p=461"},"modified":"2015-03-03T10:11:21","modified_gmt":"2015-03-03T10:11:21","slug":"termine-termine-termine","status":"publish","type":"post","link":"http:\/\/www.musikschule-quickborn.de\/?p=461","title":{"rendered":"Veranstaltungen und Projekte im Fr\u00fchjahr 2015"},"content":{"rendered":"<p>Mit vielen Projekten und Konzerten startet die Musikschule in das Fr\u00fchjahr:<\/p>\n<p>&nbsp;<\/p>\n<p>Freitag, 27.03.2015, 19.30 Uhr, Stadtb\u00fccherei Quickborn<\/p>\n<p>Peter J\u00e4ger liest aus seinem neuen Roman &#8222;Eddie will leben&#8220; &#8211;\u00a0 umrahmt und begleitet von einem Ensemble der Musikschule.<\/p>\n<p>&nbsp;<\/p>\n<p>Freitag, 10.04. &#8211; Montag, 13.04.2015<\/p>\n<p>Konzertreise des Musikschulorchesters in die schwedische Partnerstadt Boxholm<\/p>\n<p>&nbsp;<\/p>\n<p>Freitag, 24.04. 2015, 15:00 Uhr, Gemeindesaal der ev.-luth. Kirche<\/p>\n<p>Musik am Nachmittag &#8211; Eine kleine Geschichte der Filmmusik, Anna Milewska (Klavier) \/ Bl\u00e4serensemble der Musikschule<\/p>\n<p>Leitung und Moderation: Lorenz Jensen<\/p>\n<p>&nbsp;<\/p>\n<p>Samstag, 09.05.2015, 19:00 Uhr,\u00a0 Artur-Grenz-Saal<\/p>\n<p>Konzert der Bigband &#8222;Greenhorns&#8220; zum Thema &#8222;Sonne &#8211; Mond&#8220;<\/p>\n<p>In diesem Konzert\u00a0 werden die &#8222;Greenhorns&#8220; unter der Leitung von Frank-Peter K\u00f6nen instrumentale und vokale Titel zum Thema &#8222;Sonne-Mond&#8220;\u00a0 pr\u00e4sentieren. Begleitend dazu wird Joachim Frank eine Auswahl passender Texte und Lyrik vortragen.<\/p>\n<p>&nbsp;<\/p>\n<p>Samstag, 06.06. 2015, 19:30 Uhr, Infozentrum des Dietrich-Bonhoeffer-Gymnasiums<\/p>\n<p>Konzert op[ku] &#8211; N\u00e4heres ist dem Artikel zum Orchester Projekt Quickborn (s.u.)\u00a0 zu entnehmen.<\/p>\n<p>&nbsp;<\/p>\n<p>Samstag, 20.06.2015, 16:00 Uhr, Artur-Grenz-Saal<\/p>\n<p>Konzert zum Tag der Musik mit den Ensembles, dem Orchester und Solisten der Musikschule<\/p>\n<p>Dieses Konzert ist auch der regionale Beitrag der Musikschule der Stadt Quickborn zum Landesmusikschultag.<\/p>\n<p>&nbsp;<\/p>\n<p>&nbsp;<\/p>\n<p>&nbsp;<\/p>\n<p>&nbsp;<\/p>\n","protected":false},"excerpt":{"rendered":"<p>Mit vielen Projekten und Konzerten startet die Musikschule in das Fr\u00fchjahr: &nbsp; Freitag, 27.03.2015, 19.30 Uhr, Stadtb\u00fccherei Quickborn Peter J\u00e4ger liest aus seinem neuen Roman &#8222;Eddie will leben&#8220; &#8211;\u00a0 umrahmt und begleitet von einem Ensemble der Musikschule. &nbsp; Freitag, 10.04. &#8211; Montag, 13.04.2015 Konzertreise des Musikschulorchesters in die schwedische Partnerstadt Boxholm &nbsp; Freitag, 24.04. 2015, [&hellip;]<\/p>\n","protected":false},"author":1,"featured_media":0,"comment_status":"closed","ping_status":"open","sticky":false,"template":"","format":"standard","meta":[],"categories":[1,9,7],"tags":[],"_links":{"self":[{"href":"http:\/\/www.musikschule-quickborn.de\/index.php?rest_route=\/wp\/v2\/posts\/461"}],"collection":[{"href":"http:\/\/www.musikschule-quickborn.de\/index.php?rest_route=\/wp\/v2\/posts"}],"about":[{"href":"http:\/\/www.musikschule-quickborn.de\/index.php?rest_route=\/wp\/v2\/types\/post"}],"author":[{"embeddable":true,"href":"http:\/\/www.musikschule-quickborn.de\/index.php?rest_route=\/wp\/v2\/users\/1"}],"replies":[{"embeddable":true,"href":"http:\/\/www.musikschule-quickborn.de\/index.php?rest_route=%2Fwp%2Fv2%2Fcomments&post=461"}],"version-history":[{"count":5,"href":"http:\/\/www.musikschule-quickborn.de\/index.php?rest_route=\/wp\/v2\/posts\/461\/revisions"}],"predecessor-version":[{"id":467,"href":"http:\/\/www.musikschule-quickborn.de\/index.php?rest_route=\/wp\/v2\/posts\/461\/revisions\/467"}],"wp:attachment":[{"href":"http:\/\/www.musikschule-quickborn.de\/index.php?rest_route=%2Fwp%2Fv2%2Fmedia&parent=461"}],"wp:term":[{"taxonomy":"category","embeddable":true,"href":"http:\/\/www.musikschule-quickborn.de\/index.php?rest_route=%2Fwp%2Fv2%2Fcategories&post=461"},{"taxonomy":"post_tag","embeddable":true,"href":"http:\/\/www.musikschule-quickborn.de\/index.php?rest_route=%2Fwp%2Fv2%2Ftags&post=461"}],"curies":[{"name":"wp","href":"https:\/\/api.w.org\/{rel}","templated":true}]}}