{"id":427,"date":"2014-06-05T09:07:56","date_gmt":"2014-06-05T09:07:56","guid":{"rendered":"http:\/\/www.musikschule-quickborn.de\/?p=427"},"modified":"2014-06-05T09:07:56","modified_gmt":"2014-06-05T09:07:56","slug":"schuelerkonzert-zum-tag-der-musik-am-14-06-2014","status":"publish","type":"post","link":"http:\/\/www.musikschule-quickborn.de\/?p=427","title":{"rendered":"Sch\u00fclerkonzert zum \u201eTag der Musik\u201c am 14.06.2014"},"content":{"rendered":"<p align=\"JUSTIFY\"><span style=\"font-size: medium;\">Auch in diesem Jahr veranstaltet die Musikschule der Stadt Quickborn am 14.06.2014 ein gro\u00dfes Sch\u00fclerkonzert zum \u201eTag der Musik\u201c. Neben Solisten werden Ensembles wie <\/span><span style=\"font-size: medium;\"><i>Drum Experience <\/i><\/span><span style=\"font-size: medium;\"><span style=\"font-style: normal;\">sowie das Orchester der Musikschule<\/span><\/span><span style=\"font-size: medium;\"> einen Querschnitt durch die Arbeit der Musikschule pr\u00e4sentieren. Die Sch\u00fclerinnen und Sch\u00fcler freuen sich darauf, ihr interessantes Programm einem breiten Publikum vorzustellen. Der \u201eTag der Musik\u201c wurde vom Deutschen Musikrat initiiert, um die Vielf\u00e4ltigkeit des deutschen Musiklebens sichtbar zu machen.<\/span><\/p>\n<p align=\"JUSTIFY\"><span style=\"font-size: medium;\">Entgegen anderweitiger Ank\u00fcndigungen findet das Konzert nicht im Artur-Grenz-Saal, sondern im Musikraum der ehemaligen Heidkamp-Realschule statt. Beginn der Veranstaltung ist 15:00 Uhr, der Eintritt ist frei.<\/span><\/p>\n","protected":false},"excerpt":{"rendered":"<p>Auch in diesem Jahr veranstaltet die Musikschule der Stadt Quickborn am 14.06.2014 ein gro\u00dfes Sch\u00fclerkonzert zum \u201eTag der Musik\u201c. Neben Solisten werden Ensembles wie Drum Experience sowie das Orchester der Musikschule einen Querschnitt durch die Arbeit der Musikschule pr\u00e4sentieren. Die Sch\u00fclerinnen und Sch\u00fcler freuen sich darauf, ihr interessantes Programm einem breiten Publikum vorzustellen. Der \u201eTag [&hellip;]<\/p>\n","protected":false},"author":1,"featured_media":0,"comment_status":"closed","ping_status":"open","sticky":false,"template":"","format":"standard","meta":[],"categories":[1],"tags":[],"_links":{"self":[{"href":"http:\/\/www.musikschule-quickborn.de\/index.php?rest_route=\/wp\/v2\/posts\/427"}],"collection":[{"href":"http:\/\/www.musikschule-quickborn.de\/index.php?rest_route=\/wp\/v2\/posts"}],"about":[{"href":"http:\/\/www.musikschule-quickborn.de\/index.php?rest_route=\/wp\/v2\/types\/post"}],"author":[{"embeddable":true,"href":"http:\/\/www.musikschule-quickborn.de\/index.php?rest_route=\/wp\/v2\/users\/1"}],"replies":[{"embeddable":true,"href":"http:\/\/www.musikschule-quickborn.de\/index.php?rest_route=%2Fwp%2Fv2%2Fcomments&post=427"}],"version-history":[{"count":1,"href":"http:\/\/www.musikschule-quickborn.de\/index.php?rest_route=\/wp\/v2\/posts\/427\/revisions"}],"predecessor-version":[{"id":428,"href":"http:\/\/www.musikschule-quickborn.de\/index.php?rest_route=\/wp\/v2\/posts\/427\/revisions\/428"}],"wp:attachment":[{"href":"http:\/\/www.musikschule-quickborn.de\/index.php?rest_route=%2Fwp%2Fv2%2Fmedia&parent=427"}],"wp:term":[{"taxonomy":"category","embeddable":true,"href":"http:\/\/www.musikschule-quickborn.de\/index.php?rest_route=%2Fwp%2Fv2%2Fcategories&post=427"},{"taxonomy":"post_tag","embeddable":true,"href":"http:\/\/www.musikschule-quickborn.de\/index.php?rest_route=%2Fwp%2Fv2%2Ftags&post=427"}],"curies":[{"name":"wp","href":"https:\/\/api.w.org\/{rel}","templated":true}]}}