{"id":415,"date":"2014-05-06T08:48:56","date_gmt":"2014-05-06T08:48:56","guid":{"rendered":"http:\/\/www.musikschule-quickborn.de\/?p=415"},"modified":"2014-05-06T08:54:34","modified_gmt":"2014-05-06T08:54:34","slug":"die-musikschule-auf-den-buergerwochen-2014","status":"publish","type":"post","link":"http:\/\/www.musikschule-quickborn.de\/?p=415","title":{"rendered":"Die Musikschule auf den B\u00fcrgerwochen 2014"},"content":{"rendered":"<p>Wie in den Jahren zuvor ist die Musikschule mit mehreren Veranstaltungen auf den B\u00fcrgerwochen 2014 pr\u00e4sent:<\/p>\n<p>Wir freuen uns sehr dar\u00fcber, dass bei dem Auftaktkonzert ( Samstag, den 10.05.2014, 16:00 Uhr, Artur-Grenz-Saal), in dem der F\u00f6rderpreis der Stadt Quickborn an jugendliche Musikaus\u00fcbende vergeben wird, einige unserer Sch\u00fclerinnnen und Sch\u00fcler geehrt werden.\u00a0 Isabella Seliger (Lehrerin: Noriko Ogura), Valentina Liu-Kneip (Lehrerin: Svetlana Prudowski) sowie die Band &#8222;Lost in Silence&#8220; (Bandcoach: Christian Niehues) geh\u00f6ren zu den diesj\u00e4hrigen Preistr\u00e4gern und werden das Konzert mitgestalten.<\/p>\n<p>Im Rahmen der Konzertreihe &#8222;Musik am Nachmittag&#8220; (Freitag, 16.05.2014, 15:00 Uhr, Gemeindesaal der ev. Kirchengemeinde) wird das Bl\u00e4serensemble der Musikschule Quickborn t\u00e4nzerische Bl\u00e4sermusik aus vier Jahrhunderten darbieten. Dieser musikalische Streifzug durch die Geschichte der Tanzmusik wird begleitet durch kleine Anekdoten und Erz\u00e4hlungen. Die Leitung und die Moderation \u00fcbernimmt Lorenz Jensen.<\/p>\n<p><img loading=\"lazy\" class=\"alignleft  wp-image-419\" src=\"http:\/\/www.musikschule-quickborn.de\/wp-content\/uploads\/2014\/05\/Greenhorns2014_verkleinert-300x225.jpg\" alt=\"Greenhorns2014_verkleinert\" width=\"245\" height=\"183\" srcset=\"http:\/\/www.musikschule-quickborn.de\/wp-content\/uploads\/2014\/05\/Greenhorns2014_verkleinert-300x225.jpg 300w, http:\/\/www.musikschule-quickborn.de\/wp-content\/uploads\/2014\/05\/Greenhorns2014_verkleinert-1024x768.jpg 1024w, http:\/\/www.musikschule-quickborn.de\/wp-content\/uploads\/2014\/05\/Greenhorns2014_verkleinert.jpg 1080w\" sizes=\"(max-width: 245px) 100vw, 245px\" \/><\/p>\n<p>&nbsp;<\/p>\n<p>Am Sonnabendvormittag (17.05.2014, 10:00 &#8211; 12:00 Uhr) wird die Bigband &#8222;The Greenhorns&#8220; unter der Leitung von Frank-Peter K\u00f6nen die Marktbesucher mit einem bunten und fr\u00f6hlichen Programm unterhalten &#8211; gutes Wetter vorausgesetzt. Neben bekannten und bew\u00e4hrten Evergreens werden Gesangs- und Instrumentalsolisten den Rathausplatz mit St\u00fccken aus den Bereichen Jazz, Pop, Swing und Latin musikalisch beleben.<\/p>\n<p>&nbsp;<\/p>\n","protected":false},"excerpt":{"rendered":"<p>Wie in den Jahren zuvor ist die Musikschule mit mehreren Veranstaltungen auf den B\u00fcrgerwochen 2014 pr\u00e4sent: Wir freuen uns sehr dar\u00fcber, dass bei dem Auftaktkonzert ( Samstag, den 10.05.2014, 16:00 Uhr, Artur-Grenz-Saal), in dem der F\u00f6rderpreis der Stadt Quickborn an jugendliche Musikaus\u00fcbende vergeben wird, einige unserer Sch\u00fclerinnnen und Sch\u00fcler geehrt werden.\u00a0 Isabella Seliger (Lehrerin: Noriko [&hellip;]<\/p>\n","protected":false},"author":1,"featured_media":0,"comment_status":"closed","ping_status":"open","sticky":false,"template":"","format":"standard","meta":[],"categories":[1],"tags":[],"_links":{"self":[{"href":"http:\/\/www.musikschule-quickborn.de\/index.php?rest_route=\/wp\/v2\/posts\/415"}],"collection":[{"href":"http:\/\/www.musikschule-quickborn.de\/index.php?rest_route=\/wp\/v2\/posts"}],"about":[{"href":"http:\/\/www.musikschule-quickborn.de\/index.php?rest_route=\/wp\/v2\/types\/post"}],"author":[{"embeddable":true,"href":"http:\/\/www.musikschule-quickborn.de\/index.php?rest_route=\/wp\/v2\/users\/1"}],"replies":[{"embeddable":true,"href":"http:\/\/www.musikschule-quickborn.de\/index.php?rest_route=%2Fwp%2Fv2%2Fcomments&post=415"}],"version-history":[{"count":7,"href":"http:\/\/www.musikschule-quickborn.de\/index.php?rest_route=\/wp\/v2\/posts\/415\/revisions"}],"predecessor-version":[{"id":425,"href":"http:\/\/www.musikschule-quickborn.de\/index.php?rest_route=\/wp\/v2\/posts\/415\/revisions\/425"}],"wp:attachment":[{"href":"http:\/\/www.musikschule-quickborn.de\/index.php?rest_route=%2Fwp%2Fv2%2Fmedia&parent=415"}],"wp:term":[{"taxonomy":"category","embeddable":true,"href":"http:\/\/www.musikschule-quickborn.de\/index.php?rest_route=%2Fwp%2Fv2%2Fcategories&post=415"},{"taxonomy":"post_tag","embeddable":true,"href":"http:\/\/www.musikschule-quickborn.de\/index.php?rest_route=%2Fwp%2Fv2%2Ftags&post=415"}],"curies":[{"name":"wp","href":"https:\/\/api.w.org\/{rel}","templated":true}]}}