{"id":319,"date":"2013-05-30T09:30:09","date_gmt":"2013-05-30T09:30:09","guid":{"rendered":"http:\/\/www.musikschule-quickborn.de\/?p=319"},"modified":"2013-05-30T09:30:09","modified_gmt":"2013-05-30T09:30:09","slug":"schulerkonzert-zum-tag-der-musik","status":"publish","type":"post","link":"http:\/\/www.musikschule-quickborn.de\/?p=319","title":{"rendered":"Sch\u00fclerkonzert zum Tag der Musik"},"content":{"rendered":"<p style=\"text-align: center;\">Auch im Jubil\u00e4umsjahr &#8211; 25 Jahre Musikschule der Stadt Quickborn &#8211; veranstalten wir ein gro\u00dfes Sch\u00fclerkonzert zum &#8222;Tag der Musik&#8220;, einer Initiative des gesamten deutschen Musiklebens unter dem Dach des Deutschen Musikrates.<a href=\"http:\/\/www.musikschule-quickborn.de\/wp-content\/uploads\/2013\/05\/003-verkleinert.jpg\"><img loading=\"lazy\" class=\"size-medium wp-image-322 aligncenter\" alt=\"Sch\u00fclerkonzert 2013\" src=\"http:\/\/www.musikschule-quickborn.de\/wp-content\/uploads\/2013\/05\/003-verkleinert-225x300.jpg\" width=\"225\" height=\"300\" srcset=\"http:\/\/www.musikschule-quickborn.de\/wp-content\/uploads\/2013\/05\/003-verkleinert-225x300.jpg 225w, http:\/\/www.musikschule-quickborn.de\/wp-content\/uploads\/2013\/05\/003-verkleinert.jpg 768w\" sizes=\"(max-width: 225px) 100vw, 225px\" \/><\/a><\/p>\n<p style=\"text-align: center;\">Neben den Solisten werden Ensembles wie <em>Drum Experie<\/em><em>nce <\/em>einen Querschnitt durch die Arbeit der Musikschule pr\u00e4sentieren.<\/p>\n<p style=\"text-align: center;\">Das Konzert findet am 15.06.2013 in der Aula der ehemaligen Heidkamp-Realschule statt, Beginn ist um 15.00 Uhr.<\/p>\n<p style=\"text-align: center;\">Der Eintritt ist frei.<\/p>\n<p style=\"text-align: center;\">Die Sch\u00fclerinnen und Sch\u00fcler freuen sich darauf, ihr interessantes Programm einem breiten Publikum vorzustellen.<\/p>\n<p>&nbsp;<\/p>\n","protected":false},"excerpt":{"rendered":"<p>Auch im Jubil\u00e4umsjahr &#8211; 25 Jahre Musikschule der Stadt Quickborn &#8211; veranstalten wir ein gro\u00dfes Sch\u00fclerkonzert zum &#8222;Tag der Musik&#8220;, einer Initiative des gesamten deutschen Musiklebens unter dem Dach des Deutschen Musikrates. Neben den Solisten werden Ensembles wie Drum Experience einen Querschnitt durch die Arbeit der Musikschule pr\u00e4sentieren. Das Konzert findet am 15.06.2013 in der [&hellip;]<\/p>\n","protected":false},"author":1,"featured_media":0,"comment_status":"closed","ping_status":"open","sticky":false,"template":"","format":"standard","meta":[],"categories":[1],"tags":[],"_links":{"self":[{"href":"http:\/\/www.musikschule-quickborn.de\/index.php?rest_route=\/wp\/v2\/posts\/319"}],"collection":[{"href":"http:\/\/www.musikschule-quickborn.de\/index.php?rest_route=\/wp\/v2\/posts"}],"about":[{"href":"http:\/\/www.musikschule-quickborn.de\/index.php?rest_route=\/wp\/v2\/types\/post"}],"author":[{"embeddable":true,"href":"http:\/\/www.musikschule-quickborn.de\/index.php?rest_route=\/wp\/v2\/users\/1"}],"replies":[{"embeddable":true,"href":"http:\/\/www.musikschule-quickborn.de\/index.php?rest_route=%2Fwp%2Fv2%2Fcomments&post=319"}],"version-history":[{"count":5,"href":"http:\/\/www.musikschule-quickborn.de\/index.php?rest_route=\/wp\/v2\/posts\/319\/revisions"}],"predecessor-version":[{"id":326,"href":"http:\/\/www.musikschule-quickborn.de\/index.php?rest_route=\/wp\/v2\/posts\/319\/revisions\/326"}],"wp:attachment":[{"href":"http:\/\/www.musikschule-quickborn.de\/index.php?rest_route=%2Fwp%2Fv2%2Fmedia&parent=319"}],"wp:term":[{"taxonomy":"category","embeddable":true,"href":"http:\/\/www.musikschule-quickborn.de\/index.php?rest_route=%2Fwp%2Fv2%2Fcategories&post=319"},{"taxonomy":"post_tag","embeddable":true,"href":"http:\/\/www.musikschule-quickborn.de\/index.php?rest_route=%2Fwp%2Fv2%2Ftags&post=319"}],"curies":[{"name":"wp","href":"https:\/\/api.w.org\/{rel}","templated":true}]}}