{"id":295,"date":"2013-04-17T10:00:27","date_gmt":"2013-04-17T10:00:27","guid":{"rendered":"http:\/\/www.musikschule-quickborn.de\/?p=295"},"modified":"2013-05-24T08:45:39","modified_gmt":"2013-05-24T08:45:39","slug":"burgerwochen-mit-musikschulkonzerten-erfolgreich-eroffnet","status":"publish","type":"post","link":"http:\/\/www.musikschule-quickborn.de\/?p=295","title":{"rendered":"B\u00fcrgerwochen mit Musikschulkonzerten erfolgreich er\u00f6ffnet"},"content":{"rendered":"<p style=\"text-align: left;\" align=\"CENTER\"><span style=\"font-size: small;\"><a href=\"http:\/\/www.musikschule-quickborn.de\/wp-content\/uploads\/2013\/04\/Karneval23.jpg\"><img loading=\"lazy\" class=\"alignleft size-medium wp-image-300\" alt=\"Karneval23\" src=\"http:\/\/www.musikschule-quickborn.de\/wp-content\/uploads\/2013\/04\/Karneval23-300x225.jpg\" width=\"267\" height=\"201\" srcset=\"http:\/\/www.musikschule-quickborn.de\/wp-content\/uploads\/2013\/04\/Karneval23-300x225.jpg 300w, http:\/\/www.musikschule-quickborn.de\/wp-content\/uploads\/2013\/04\/Karneval23.jpg 640w\" sizes=\"(max-width: 267px) 100vw, 267px\" \/><\/a><\/span><\/p>\n<p style=\"text-align: left;\" align=\"CENTER\"><span style=\"font-size: small;\">Mit zwei gut besuchten Konzerten hat die Musikschule nicht nur die B\u00fcrgerwochen 2013 er\u00f6ffnet, sondern auch das Jubil\u00e4umsjahr zum 25. Geburtstag unserer Einrichtung standesgem\u00e4\u00df eingeleitet.<\/span><\/p>\n<p style=\"text-align: left;\" align=\"CENTER\"><span style=\"font-size: small;\">Am Nachmittag stand Camille Saint-Sa\u00ebns&#8216; &#8222;Karneval der Tiere&#8220; auf dem Programm. Dazu schrieb das Quickborner Tageblatt: &#8220; Das Familienkonzert &#8222;Karneval der Tiere&#8220;, gespielt vom Orchester der Musikschule, war eine rundum gelungene Darbietung &#8211; eine Spitzenleistung&#8230;.Am Ende quittierten die gut 150 anwesenden Zuschauer das Dargebotene mit einem begeisterten Applaus.&#8220;<\/span><\/p>\n<p style=\"text-align: left;\" align=\"CENTER\"><span style=\"font-size: small;\">Wir m\u00f6chten uns an dieser Stelle bei allen mitwirkenden Sch\u00fclerinnen und Sch\u00fclern sowie den beteiligten Lehrkr\u00e4ften Uta Grehm (Orchestereinstudierung), Johanna Welter (Klavier) und Sabine Koth (Klarinette) f\u00fcr ihr Engagement bedanken.<\/span><\/p>\n<p style=\"text-align: left;\" align=\"CENTER\"><span style=\"font-size: small;\">Der Abend stand unter dem Motto &#8222;Klassik meets Jazz&#8220;.\u00a0 Auch hier war das Publiku<a href=\"http:\/\/www.musikschule-quickborn.de\/wp-content\/uploads\/2013\/04\/KlassikJazz.jpg\"><img loading=\"lazy\" class=\"size-medium wp-image-301 alignright\" alt=\"KlassikJazz\" src=\"http:\/\/www.musikschule-quickborn.de\/wp-content\/uploads\/2013\/04\/KlassikJazz-300x225.jpg\" width=\"300\" height=\"225\" srcset=\"http:\/\/www.musikschule-quickborn.de\/wp-content\/uploads\/2013\/04\/KlassikJazz-300x225.jpg 300w, http:\/\/www.musikschule-quickborn.de\/wp-content\/uploads\/2013\/04\/KlassikJazz.jpg 640w\" sizes=\"(max-width: 300px) 100vw, 300px\" \/><\/a>m von der Leistung der beiden Ensembles &#8211; das Kammerorchester und die Greenhorns unter der bew\u00e4hrten Leitung von Frank-Peter K\u00f6nen &#8211; begeistert, wie ebenfalls im Quickborner Tageblatt zu lesen war: &#8222;Das Konzert &#8222;Klassik meets Jazz&#8220; der Musikschule war grandios, ein echter H\u00f6hepunkt zur Er\u00f6ffnung der Quickborner B\u00fcrgerwochen. Das zweist\u00fcndige Programm fesselte ann\u00e4hernd 200 Zuh\u00f6rer im Dietrich-Bonhoeffer-Gymnasium. &#8222;<\/span><\/p>\n<p style=\"text-align: left;\" align=\"CENTER\"><span style=\"font-size: small;\"><a href=\"http:\/\/www.musikschule-quickborn.de\/wp-content\/uploads\/2013\/04\/Mischke.jpg\"><img loading=\"lazy\" class=\"size-medium wp-image-302\" alt=\"Mischke\" src=\"http:\/\/www.musikschule-quickborn.de\/wp-content\/uploads\/2013\/04\/Mischke-300x225.jpg\" width=\"214\" height=\"160\" srcset=\"http:\/\/www.musikschule-quickborn.de\/wp-content\/uploads\/2013\/04\/Mischke-300x225.jpg 300w, http:\/\/www.musikschule-quickborn.de\/wp-content\/uploads\/2013\/04\/Mischke.jpg 640w\" sizes=\"(max-width: 214px) 100vw, 214px\" \/><\/a><\/span><\/p>\n<p style=\"text-align: left;\" align=\"CENTER\"><span style=\"font-size: small;\">Dass wir bei dieser Gelegenheit das langj\u00e4hrige Engagement von Dr. Mischke w\u00fcrdigen konnten, verlieh dem Konzert eine besondere Note.<\/span><\/p>\n<p style=\"text-align: left;\" align=\"CENTER\"><span style=\"font-size: small;\">Abschlie\u00dfend m\u00f6chten wir uns auch bei den vielen Mitwirkenden und Freunden der Musikschule bedanken, die im Hintergrund z.B. f\u00fcr den Auf- und Abbau t\u00e4tig waren und nicht zuletzt zu dem wunderbaren B\u00fcffet beigetragen haben.<\/span><\/p>\n","protected":false},"excerpt":{"rendered":"<p>Mit zwei gut besuchten Konzerten hat die Musikschule nicht nur die B\u00fcrgerwochen 2013 er\u00f6ffnet, sondern auch das Jubil\u00e4umsjahr zum 25. Geburtstag unserer Einrichtung standesgem\u00e4\u00df eingeleitet. Am Nachmittag stand Camille Saint-Sa\u00ebns&#8216; &#8222;Karneval der Tiere&#8220; auf dem Programm. Dazu schrieb das Quickborner Tageblatt: &#8220; Das Familienkonzert &#8222;Karneval der Tiere&#8220;, gespielt vom Orchester der Musikschule, war eine rundum [&hellip;]<\/p>\n","protected":false},"author":1,"featured_media":0,"comment_status":"closed","ping_status":"open","sticky":false,"template":"","format":"standard","meta":[],"categories":[1],"tags":[],"_links":{"self":[{"href":"http:\/\/www.musikschule-quickborn.de\/index.php?rest_route=\/wp\/v2\/posts\/295"}],"collection":[{"href":"http:\/\/www.musikschule-quickborn.de\/index.php?rest_route=\/wp\/v2\/posts"}],"about":[{"href":"http:\/\/www.musikschule-quickborn.de\/index.php?rest_route=\/wp\/v2\/types\/post"}],"author":[{"embeddable":true,"href":"http:\/\/www.musikschule-quickborn.de\/index.php?rest_route=\/wp\/v2\/users\/1"}],"replies":[{"embeddable":true,"href":"http:\/\/www.musikschule-quickborn.de\/index.php?rest_route=%2Fwp%2Fv2%2Fcomments&post=295"}],"version-history":[{"count":7,"href":"http:\/\/www.musikschule-quickborn.de\/index.php?rest_route=\/wp\/v2\/posts\/295\/revisions"}],"predecessor-version":[{"id":311,"href":"http:\/\/www.musikschule-quickborn.de\/index.php?rest_route=\/wp\/v2\/posts\/295\/revisions\/311"}],"wp:attachment":[{"href":"http:\/\/www.musikschule-quickborn.de\/index.php?rest_route=%2Fwp%2Fv2%2Fmedia&parent=295"}],"wp:term":[{"taxonomy":"category","embeddable":true,"href":"http:\/\/www.musikschule-quickborn.de\/index.php?rest_route=%2Fwp%2Fv2%2Fcategories&post=295"},{"taxonomy":"post_tag","embeddable":true,"href":"http:\/\/www.musikschule-quickborn.de\/index.php?rest_route=%2Fwp%2Fv2%2Ftags&post=295"}],"curies":[{"name":"wp","href":"https:\/\/api.w.org\/{rel}","templated":true}]}}