{"id":1542,"date":"2025-02-11T10:23:34","date_gmt":"2025-02-11T10:23:34","guid":{"rendered":"http:\/\/www.musikschule-quickborn.de\/?p=1542"},"modified":"2025-02-12T08:29:38","modified_gmt":"2025-02-12T08:29:38","slug":"konzertwochenende-im-februar","status":"publish","type":"post","link":"http:\/\/www.musikschule-quickborn.de\/?p=1542","title":{"rendered":"Konzertwochenende im Februar!"},"content":{"rendered":"\n<p><img loading=\"lazy\" class=\"\" src=\"http:\/\/www.musikschule-quickborn.de\/wp-content\/uploads\/2025\/02\/IMG_1539-1024x683.jpg\" alt=\"Dieses Bild hat ein leeres Alt-Attribut. Der Dateiname ist IMG_1539-1024x683.jpg\" width=\"560\" height=\"373\" \/><\/p>\n<p>Mit zwei Konzerten melden wir uns aus der Winterpause zur\u00fcck. Am 22.02.25 stellen sich die Preistr\u00e4ger des diesj\u00e4hrigen Regionalwettbewerbs Jugend musiziert vor. Hierbei wird auch der Preis des Pr\u00e4sidenten des Kreises Pinneberg verliehen. Freuen Sie sich auf musikalische Highlights aus den Kategorien Streichinstrumente, Blasinstrumente und Klavier sowie Gesangs-Ensembles! Beginn ist um 16.00 Uhr im Artur-Grenz-Saal Quickborn, der Eintritt ist frei.<\/p>\n<p>\u00a0<\/p>\n<p>\u00a0<\/p>\n\n\n\n<figure class=\"wp-block-image size-large is-resized\"><a href=\"http:\/\/www.musikschule-quickborn.de\/wp-content\/uploads\/2025\/02\/opku-2025.png\"><img loading=\"lazy\" src=\"http:\/\/www.musikschule-quickborn.de\/wp-content\/uploads\/2025\/02\/opku-2025-744x1024.png\" alt=\"\" class=\"wp-image-1543\" width=\"431\" height=\"593\" srcset=\"http:\/\/www.musikschule-quickborn.de\/wp-content\/uploads\/2025\/02\/opku-2025-744x1024.png 744w, http:\/\/www.musikschule-quickborn.de\/wp-content\/uploads\/2025\/02\/opku-2025-218x300.png 218w, http:\/\/www.musikschule-quickborn.de\/wp-content\/uploads\/2025\/02\/opku-2025-768x1057.png 768w, http:\/\/www.musikschule-quickborn.de\/wp-content\/uploads\/2025\/02\/opku-2025-1116x1536.png 1116w, http:\/\/www.musikschule-quickborn.de\/wp-content\/uploads\/2025\/02\/opku-2025.png 1366w\" sizes=\"(max-width: 431px) 100vw, 431px\" \/><\/a><\/figure>\n\n\n\n<p>Nur einen Tag sp\u00e4ter l\u00e4dt das op[ku] unter der bew\u00e4hrten Leitung von Ralf Hagens zu seinem 11. Konzert ins Dietrich-Bonhoeffer-Gymnasium Quickborn, Ziegenweg 5 ein. Dazu schreibt der Orchesterleiter:<\/p>\n\n\n\n<p><em>Unser diesj\u00e4hriges \u201aZugabenkonzert\u2018 dreht die \u00fcbliche Reihenfolge auf den Kopf und pr\u00e4sentiert eine exquisite Auswahl musikalischer Leckerbissen, die sonst gerne als Zugaben zu h\u00f6ren sind. Erleben Sie einen au\u00dfergew\u00f6hnlichen Konzertnachmittag mit musikalischen Perlen \u201aMade in Quickborn\u2018!<\/em><\/p>\n","protected":false},"excerpt":{"rendered":"<p>Mit zwei Konzerten melden wir uns aus der Winterpause zur\u00fcck. Am 22.02.25 stellen sich die Preistr\u00e4ger des diesj\u00e4hrigen Regionalwettbewerbs Jugend musiziert vor. Hierbei wird auch der Preis des Pr\u00e4sidenten des Kreises Pinneberg verliehen. Freuen Sie sich auf musikalische Highlights aus den Kategorien Streichinstrumente, Blasinstrumente und Klavier sowie Gesangs-Ensembles! Beginn ist um 16.00 Uhr im Artur-Grenz-Saal [&hellip;]<\/p>\n","protected":false},"author":1,"featured_media":0,"comment_status":"closed","ping_status":"open","sticky":false,"template":"","format":"standard","meta":[],"categories":[1,9,7],"tags":[],"_links":{"self":[{"href":"http:\/\/www.musikschule-quickborn.de\/index.php?rest_route=\/wp\/v2\/posts\/1542"}],"collection":[{"href":"http:\/\/www.musikschule-quickborn.de\/index.php?rest_route=\/wp\/v2\/posts"}],"about":[{"href":"http:\/\/www.musikschule-quickborn.de\/index.php?rest_route=\/wp\/v2\/types\/post"}],"author":[{"embeddable":true,"href":"http:\/\/www.musikschule-quickborn.de\/index.php?rest_route=\/wp\/v2\/users\/1"}],"replies":[{"embeddable":true,"href":"http:\/\/www.musikschule-quickborn.de\/index.php?rest_route=%2Fwp%2Fv2%2Fcomments&post=1542"}],"version-history":[{"count":10,"href":"http:\/\/www.musikschule-quickborn.de\/index.php?rest_route=\/wp\/v2\/posts\/1542\/revisions"}],"predecessor-version":[{"id":1556,"href":"http:\/\/www.musikschule-quickborn.de\/index.php?rest_route=\/wp\/v2\/posts\/1542\/revisions\/1556"}],"wp:attachment":[{"href":"http:\/\/www.musikschule-quickborn.de\/index.php?rest_route=%2Fwp%2Fv2%2Fmedia&parent=1542"}],"wp:term":[{"taxonomy":"category","embeddable":true,"href":"http:\/\/www.musikschule-quickborn.de\/index.php?rest_route=%2Fwp%2Fv2%2Fcategories&post=1542"},{"taxonomy":"post_tag","embeddable":true,"href":"http:\/\/www.musikschule-quickborn.de\/index.php?rest_route=%2Fwp%2Fv2%2Ftags&post=1542"}],"curies":[{"name":"wp","href":"https:\/\/api.w.org\/{rel}","templated":true}]}}