{"id":1522,"date":"2024-11-14T10:03:53","date_gmt":"2024-11-14T10:03:53","guid":{"rendered":"http:\/\/www.musikschule-quickborn.de\/?p=1522"},"modified":"2024-11-14T10:04:44","modified_gmt":"2024-11-14T10:04:44","slug":"adventskonzert-am-30-11-2024","status":"publish","type":"post","link":"http:\/\/www.musikschule-quickborn.de\/?p=1522","title":{"rendered":"Adventskonzert am 30.11.2024"},"content":{"rendered":"\n<figure class=\"wp-block-image size-large is-resized\"><a href=\"http:\/\/www.musikschule-quickborn.de\/wp-content\/uploads\/2024\/11\/Plakat-Adventskonzert-2024.jpg\"><img loading=\"lazy\" src=\"http:\/\/www.musikschule-quickborn.de\/wp-content\/uploads\/2024\/11\/Plakat-Adventskonzert-2024-724x1024.jpg\" alt=\"\" class=\"wp-image-1523\" width=\"529\" height=\"748\" srcset=\"http:\/\/www.musikschule-quickborn.de\/wp-content\/uploads\/2024\/11\/Plakat-Adventskonzert-2024-724x1024.jpg 724w, http:\/\/www.musikschule-quickborn.de\/wp-content\/uploads\/2024\/11\/Plakat-Adventskonzert-2024-212x300.jpg 212w, http:\/\/www.musikschule-quickborn.de\/wp-content\/uploads\/2024\/11\/Plakat-Adventskonzert-2024-768x1086.jpg 768w, http:\/\/www.musikschule-quickborn.de\/wp-content\/uploads\/2024\/11\/Plakat-Adventskonzert-2024-1086x1536.jpg 1086w, http:\/\/www.musikschule-quickborn.de\/wp-content\/uploads\/2024\/11\/Plakat-Adventskonzert-2024.jpg 1190w\" sizes=\"(max-width: 529px) 100vw, 529px\" \/><\/a><\/figure>\n\n\n\n<p>Zu ihrem beliebten Adventskonzert l\u00e4dt die Musikschule am 30. November um 17.30 Uhr in den Artur-Grenz-Saal ein. Dabei wird u.a. an das 50j\u00e4hrige Jubil\u00e4um der St\u00e4dtepartnerschaft mit Boxholm\/Schweden erinnert: Mit einer Kantate \u00fcber schwedische Advents- und Weihnachtslieder wird in deutscher und schwedischer Sprache der erste Teil des Konzerts beendet. In diesem treten Gesangssolist*innen, das Ensemble \u201eQ-Voices\u201c sowie das Orchester der Musikschule auf. Nach der Pause er\u00f6ffnen die Greenhorns den zweiten Teil mit einer jazzigen Version von Santa Lucia. Auch andere bekannte Weihnachtsmelodien werden im Bigband-Sound pr\u00e4sentiert.<\/p>\n<p>Der Eintritt ist frei, die Musiker freuen sich \u00fcber eine Spende.<\/p>\n","protected":false},"excerpt":{"rendered":"<p>Zu ihrem beliebten Adventskonzert l\u00e4dt die Musikschule am 30. November um 17.30 Uhr in den Artur-Grenz-Saal ein. Dabei wird u.a. an das 50j\u00e4hrige Jubil\u00e4um der St\u00e4dtepartnerschaft mit Boxholm\/Schweden erinnert: Mit einer Kantate \u00fcber schwedische Advents- und Weihnachtslieder wird in deutscher und schwedischer Sprache der erste Teil des Konzerts beendet. In diesem treten Gesangssolist*innen, das Ensemble [&hellip;]<\/p>\n","protected":false},"author":1,"featured_media":0,"comment_status":"closed","ping_status":"open","sticky":false,"template":"","format":"standard","meta":[],"categories":[1,9,7],"tags":[],"_links":{"self":[{"href":"http:\/\/www.musikschule-quickborn.de\/index.php?rest_route=\/wp\/v2\/posts\/1522"}],"collection":[{"href":"http:\/\/www.musikschule-quickborn.de\/index.php?rest_route=\/wp\/v2\/posts"}],"about":[{"href":"http:\/\/www.musikschule-quickborn.de\/index.php?rest_route=\/wp\/v2\/types\/post"}],"author":[{"embeddable":true,"href":"http:\/\/www.musikschule-quickborn.de\/index.php?rest_route=\/wp\/v2\/users\/1"}],"replies":[{"embeddable":true,"href":"http:\/\/www.musikschule-quickborn.de\/index.php?rest_route=%2Fwp%2Fv2%2Fcomments&post=1522"}],"version-history":[{"count":2,"href":"http:\/\/www.musikschule-quickborn.de\/index.php?rest_route=\/wp\/v2\/posts\/1522\/revisions"}],"predecessor-version":[{"id":1525,"href":"http:\/\/www.musikschule-quickborn.de\/index.php?rest_route=\/wp\/v2\/posts\/1522\/revisions\/1525"}],"wp:attachment":[{"href":"http:\/\/www.musikschule-quickborn.de\/index.php?rest_route=%2Fwp%2Fv2%2Fmedia&parent=1522"}],"wp:term":[{"taxonomy":"category","embeddable":true,"href":"http:\/\/www.musikschule-quickborn.de\/index.php?rest_route=%2Fwp%2Fv2%2Fcategories&post=1522"},{"taxonomy":"post_tag","embeddable":true,"href":"http:\/\/www.musikschule-quickborn.de\/index.php?rest_route=%2Fwp%2Fv2%2Ftags&post=1522"}],"curies":[{"name":"wp","href":"https:\/\/api.w.org\/{rel}","templated":true}]}}