{"id":1441,"date":"2024-06-10T09:10:57","date_gmt":"2024-06-10T09:10:57","guid":{"rendered":"http:\/\/www.musikschule-quickborn.de\/?p=1441"},"modified":"2024-11-14T10:06:03","modified_gmt":"2024-11-14T10:06:03","slug":"musikschul-konzert-zum-tag-der-musik","status":"publish","type":"post","link":"http:\/\/www.musikschule-quickborn.de\/?p=1441","title":{"rendered":"Musikschul-Konzert zum Tag der Musik"},"content":{"rendered":"\n<p>Von barocken Kl\u00e4ngen bis hin zu Videogame-Musik: Am Samstag, den 15. Juni zeigen Klavier-, Gesangs- und Instrumentalsolist*innen, Ensembles sowie das Orchester einen Querschnitt ihrer vielf\u00e4ltigen Arbeit &#8211; mit dabei unsere &#8222;Jugend musiziert&#8220;-Preistr\u00e4ger*innen. Werke von J.S. Bach, Giuseppe Torelli, Maurice Ravel, Hans Zimmer und vielen anderen Komponisten werden zu h\u00f6ren sein. Das Konzert findet im Artur-Grenz-Saal, Am Freibad 7, in Quickborn statt, Beginn ist um 17.00 Uhr. Der Eintritt ist frei. Die Mitwirkenden freuen sich \u00fcber Spenden.<\/p>\n\n\n\n<figure class=\"wp-block-image size-large is-resized\"><a href=\"http:\/\/www.musikschule-quickborn.de\/wp-content\/uploads\/2024\/06\/MSQ-Tag-der-Musik-2023.jpeg\"><img loading=\"lazy\" src=\"http:\/\/www.musikschule-quickborn.de\/wp-content\/uploads\/2024\/06\/MSQ-Tag-der-Musik-2023-1024x768.jpeg\" alt=\"\" class=\"wp-image-1442\" width=\"632\" height=\"474\" srcset=\"http:\/\/www.musikschule-quickborn.de\/wp-content\/uploads\/2024\/06\/MSQ-Tag-der-Musik-2023-1024x768.jpeg 1024w, http:\/\/www.musikschule-quickborn.de\/wp-content\/uploads\/2024\/06\/MSQ-Tag-der-Musik-2023-300x225.jpeg 300w, http:\/\/www.musikschule-quickborn.de\/wp-content\/uploads\/2024\/06\/MSQ-Tag-der-Musik-2023-768x576.jpeg 768w, http:\/\/www.musikschule-quickborn.de\/wp-content\/uploads\/2024\/06\/MSQ-Tag-der-Musik-2023-1536x1152.jpeg 1536w, http:\/\/www.musikschule-quickborn.de\/wp-content\/uploads\/2024\/06\/MSQ-Tag-der-Musik-2023.jpeg 2016w\" sizes=\"(max-width: 632px) 100vw, 632px\" \/><\/a><figcaption>Eine Impression vom Musikschultag 2023<\/figcaption><\/figure>\n\n\n\n<p><\/p>\n\n\n","protected":false},"excerpt":{"rendered":"<p>Von barocken Kl\u00e4ngen bis hin zu Videogame-Musik: Am Samstag, den 15. Juni zeigen Klavier-, Gesangs- und Instrumentalsolist*innen, Ensembles sowie das Orchester einen Querschnitt ihrer vielf\u00e4ltigen Arbeit &#8211; mit dabei unsere &#8222;Jugend musiziert&#8220;-Preistr\u00e4ger*innen. Werke von J.S. Bach, Giuseppe Torelli, Maurice Ravel, Hans Zimmer und vielen anderen Komponisten werden zu h\u00f6ren sein. Das Konzert findet im Artur-Grenz-Saal, [&hellip;]<\/p>\n","protected":false},"author":1,"featured_media":0,"comment_status":"closed","ping_status":"open","sticky":false,"template":"","format":"standard","meta":[],"categories":[1,9,7],"tags":[],"_links":{"self":[{"href":"http:\/\/www.musikschule-quickborn.de\/index.php?rest_route=\/wp\/v2\/posts\/1441"}],"collection":[{"href":"http:\/\/www.musikschule-quickborn.de\/index.php?rest_route=\/wp\/v2\/posts"}],"about":[{"href":"http:\/\/www.musikschule-quickborn.de\/index.php?rest_route=\/wp\/v2\/types\/post"}],"author":[{"embeddable":true,"href":"http:\/\/www.musikschule-quickborn.de\/index.php?rest_route=\/wp\/v2\/users\/1"}],"replies":[{"embeddable":true,"href":"http:\/\/www.musikschule-quickborn.de\/index.php?rest_route=%2Fwp%2Fv2%2Fcomments&post=1441"}],"version-history":[{"count":3,"href":"http:\/\/www.musikschule-quickborn.de\/index.php?rest_route=\/wp\/v2\/posts\/1441\/revisions"}],"predecessor-version":[{"id":1445,"href":"http:\/\/www.musikschule-quickborn.de\/index.php?rest_route=\/wp\/v2\/posts\/1441\/revisions\/1445"}],"wp:attachment":[{"href":"http:\/\/www.musikschule-quickborn.de\/index.php?rest_route=%2Fwp%2Fv2%2Fmedia&parent=1441"}],"wp:term":[{"taxonomy":"category","embeddable":true,"href":"http:\/\/www.musikschule-quickborn.de\/index.php?rest_route=%2Fwp%2Fv2%2Fcategories&post=1441"},{"taxonomy":"post_tag","embeddable":true,"href":"http:\/\/www.musikschule-quickborn.de\/index.php?rest_route=%2Fwp%2Fv2%2Ftags&post=1441"}],"curies":[{"name":"wp","href":"https:\/\/api.w.org\/{rel}","templated":true}]}}