{"id":1421,"date":"2024-03-19T10:22:19","date_gmt":"2024-03-19T10:22:19","guid":{"rendered":"http:\/\/www.musikschule-quickborn.de\/?p=1421"},"modified":"2024-03-19T10:22:20","modified_gmt":"2024-03-19T10:22:20","slug":"auf-zum-bundeswettbewerb-jugend-musiziert","status":"publish","type":"post","link":"http:\/\/www.musikschule-quickborn.de\/?p=1421","title":{"rendered":"Auf zum Bundeswettbewerb &#8222;Jugend musiziert!&#8220;&#8230;."},"content":{"rendered":"\n<p>&#8230;hei\u00dft es f\u00fcr unsere Sch\u00fcler*innen, die auch die n\u00e4chste Runde, den Landeswettbewerb, erfolgreich gemeistert haben. Nach L\u00fcbeck fahren im Mai daher Christine Hesse und Linus Demmig (Lehrerin: Mareike Eidem\u00fcller), die in der Kategorie Schlagzeug-Ensemble ebenso wie Alexander und Raphael Hatje (Lehrerin: Anna Milewska) in der Kategorie &#8222;Klavier vierh\u00e4ndig&#8220; einen ersten Preis mit Weiterleitung zum Bundeswettbewerb entgegennehmen durften. Herzlichen Gl\u00fcckwunsch f\u00fcr diese Leistung und viel Erfolg auf der Bundesebene!<\/p>\n\n\n\n<figure class=\"wp-block-image size-large is-resized\"><a href=\"http:\/\/www.musikschule-quickborn.de\/wp-content\/uploads\/2024\/03\/DSC_6724-scaled.jpg\"><img loading=\"lazy\" src=\"http:\/\/www.musikschule-quickborn.de\/wp-content\/uploads\/2024\/03\/DSC_6724-1024x683.jpg\" alt=\"\" class=\"wp-image-1424\" width=\"574\" height=\"383\" srcset=\"http:\/\/www.musikschule-quickborn.de\/wp-content\/uploads\/2024\/03\/DSC_6724-1024x683.jpg 1024w, http:\/\/www.musikschule-quickborn.de\/wp-content\/uploads\/2024\/03\/DSC_6724-300x200.jpg 300w, http:\/\/www.musikschule-quickborn.de\/wp-content\/uploads\/2024\/03\/DSC_6724-768x512.jpg 768w, http:\/\/www.musikschule-quickborn.de\/wp-content\/uploads\/2024\/03\/DSC_6724-1536x1024.jpg 1536w, http:\/\/www.musikschule-quickborn.de\/wp-content\/uploads\/2024\/03\/DSC_6724-2048x1365.jpg 2048w\" sizes=\"(max-width: 574px) 100vw, 574px\" \/><\/a><\/figure>\n\n\n\n<div class=\"wp-block-image\"><figure class=\"alignright size-large is-resized\"><a href=\"http:\/\/www.musikschule-quickborn.de\/wp-content\/uploads\/2024\/03\/IMG_5923-scaled.jpg\"><img loading=\"lazy\" src=\"http:\/\/www.musikschule-quickborn.de\/wp-content\/uploads\/2024\/03\/IMG_5923-768x1024.jpg\" alt=\"\" class=\"wp-image-1422\" width=\"400\" height=\"533\" srcset=\"http:\/\/www.musikschule-quickborn.de\/wp-content\/uploads\/2024\/03\/IMG_5923-768x1024.jpg 768w, http:\/\/www.musikschule-quickborn.de\/wp-content\/uploads\/2024\/03\/IMG_5923-225x300.jpg 225w, http:\/\/www.musikschule-quickborn.de\/wp-content\/uploads\/2024\/03\/IMG_5923-1152x1536.jpg 1152w, http:\/\/www.musikschule-quickborn.de\/wp-content\/uploads\/2024\/03\/IMG_5923-1536x2048.jpg 1536w, http:\/\/www.musikschule-quickborn.de\/wp-content\/uploads\/2024\/03\/IMG_5923-scaled.jpg 1920w\" sizes=\"(max-width: 400px) 100vw, 400px\" \/><\/a><\/figure><\/div>\n","protected":false},"excerpt":{"rendered":"<p>&#8230;hei\u00dft es f\u00fcr unsere Sch\u00fcler*innen, die auch die n\u00e4chste Runde, den Landeswettbewerb, erfolgreich gemeistert haben. Nach L\u00fcbeck fahren im Mai daher Christine Hesse und Linus Demmig (Lehrerin: Mareike Eidem\u00fcller), die in der Kategorie Schlagzeug-Ensemble ebenso wie Alexander und Raphael Hatje (Lehrerin: Anna Milewska) in der Kategorie &#8222;Klavier vierh\u00e4ndig&#8220; einen ersten Preis mit Weiterleitung zum Bundeswettbewerb [&hellip;]<\/p>\n","protected":false},"author":1,"featured_media":0,"comment_status":"closed","ping_status":"open","sticky":false,"template":"","format":"standard","meta":[],"categories":[1],"tags":[],"_links":{"self":[{"href":"http:\/\/www.musikschule-quickborn.de\/index.php?rest_route=\/wp\/v2\/posts\/1421"}],"collection":[{"href":"http:\/\/www.musikschule-quickborn.de\/index.php?rest_route=\/wp\/v2\/posts"}],"about":[{"href":"http:\/\/www.musikschule-quickborn.de\/index.php?rest_route=\/wp\/v2\/types\/post"}],"author":[{"embeddable":true,"href":"http:\/\/www.musikschule-quickborn.de\/index.php?rest_route=\/wp\/v2\/users\/1"}],"replies":[{"embeddable":true,"href":"http:\/\/www.musikschule-quickborn.de\/index.php?rest_route=%2Fwp%2Fv2%2Fcomments&post=1421"}],"version-history":[{"count":4,"href":"http:\/\/www.musikschule-quickborn.de\/index.php?rest_route=\/wp\/v2\/posts\/1421\/revisions"}],"predecessor-version":[{"id":1427,"href":"http:\/\/www.musikschule-quickborn.de\/index.php?rest_route=\/wp\/v2\/posts\/1421\/revisions\/1427"}],"wp:attachment":[{"href":"http:\/\/www.musikschule-quickborn.de\/index.php?rest_route=%2Fwp%2Fv2%2Fmedia&parent=1421"}],"wp:term":[{"taxonomy":"category","embeddable":true,"href":"http:\/\/www.musikschule-quickborn.de\/index.php?rest_route=%2Fwp%2Fv2%2Fcategories&post=1421"},{"taxonomy":"post_tag","embeddable":true,"href":"http:\/\/www.musikschule-quickborn.de\/index.php?rest_route=%2Fwp%2Fv2%2Ftags&post=1421"}],"curies":[{"name":"wp","href":"https:\/\/api.w.org\/{rel}","templated":true}]}}