{"id":1376,"date":"2023-09-18T09:14:31","date_gmt":"2023-09-18T09:14:31","guid":{"rendered":"http:\/\/www.musikschule-quickborn.de\/?p=1376"},"modified":"2024-11-14T10:07:15","modified_gmt":"2024-11-14T10:07:15","slug":"elements-der-vorverkauf-laeuft","status":"publish","type":"post","link":"http:\/\/www.musikschule-quickborn.de\/?p=1376","title":{"rendered":"Elements &#8211; der Vorverkauf l\u00e4uft!"},"content":{"rendered":"\n<p>Das Crowdfunding konnte erfolgreich abgeschlossen werden &#8211; an dieser Stelle herzlichen Dank an alle Unterst\u00fctzer!! Damit ist der Weg frei f\u00fcr die Realisierung des Projekts &#8211; die Proben haben begonnen und ab sofort k\u00f6nnen Eintrittskarten in unserer Gesch\u00e4ftsstelle erworben bzw. reserviert werden.<\/p>\n<p>Zur Erinnerung:<\/p>\n<div class=\"default-style\">Dieses Werk unserer Klavier- und Kompositionslehrerin Anna Milewska &#8211; eine Suite f\u00fcr Klavier und Orchester &#8211;\u00a0 wird von ihr und einem Projektorchester aus professionellen Musiker*innen aus Schleswig-Holstein und Hamburg aufgef\u00fchrt. Eine Sprecherin liest die Texte ein und ein Techniker sorgt f\u00fcr die Licht- und Multi-Media-Show.<\/div>\n<div class=\"default-style\">\u00a0<\/div>\n<div class=\"default-style\">Gerade die Zeit der ersten urkundlichen Erw\u00e4hnung Quickborns vor 700 Jahren war gepr\u00e4gt von der Auseinandersetzung der Menschen mit den Elementen &#8211; Erde, Wasser, Luft, Feuer &#8211; und auch heute ist der Bezug zu den Grundelementen der Natur wesentlich \u2013 man denke nur an die Herausforderungen des Klimawandels mit den entsprechenden Auswirkungen. Die Elemente als zeitloses Thema waren die Inspiration f\u00fcr diese\u00a0 Komposition, die angelehnt an Filmmusik viele Effekte bereith\u00e4lt.<\/div>\n<p>Das Konzert findet am Samstag, den 30.09.23 um 19.00 Uhr im Artur-Grenz-Saal in Quickborn statt. Gerne nehmen wir Sie bereits um 18.30 Uhr mit einem Glas Sekt in Empfang. Auch im Anschluss an das Konzert gibt es die M\u00f6glichkeit, bei einem Getr\u00e4nk die Veranstaltung ausklingen zu lassen.<\/p>\n\n\n\n<div class=\"wp-block-image\"><figure class=\"aligncenter size-large is-resized\"><a href=\"http:\/\/www.musikschule-quickborn.de\/wp-content\/uploads\/2023\/09\/Foto-Probe.jpg\"><img loading=\"lazy\" src=\"http:\/\/www.musikschule-quickborn.de\/wp-content\/uploads\/2023\/09\/Foto-Probe-1024x768.jpg\" alt=\"\" class=\"wp-image-1377\" width=\"591\" height=\"444\" srcset=\"http:\/\/www.musikschule-quickborn.de\/wp-content\/uploads\/2023\/09\/Foto-Probe-1024x768.jpg 1024w, http:\/\/www.musikschule-quickborn.de\/wp-content\/uploads\/2023\/09\/Foto-Probe-300x225.jpg 300w, http:\/\/www.musikschule-quickborn.de\/wp-content\/uploads\/2023\/09\/Foto-Probe-768x576.jpg 768w, http:\/\/www.musikschule-quickborn.de\/wp-content\/uploads\/2023\/09\/Foto-Probe-1536x1152.jpg 1536w, http:\/\/www.musikschule-quickborn.de\/wp-content\/uploads\/2023\/09\/Foto-Probe.jpg 2048w\" sizes=\"(max-width: 591px) 100vw, 591px\" \/><\/a><figcaption>Eine Momentaufnahme aus der Probe<\/figcaption><\/figure><\/div>\n","protected":false},"excerpt":{"rendered":"<p>Das Crowdfunding konnte erfolgreich abgeschlossen werden &#8211; an dieser Stelle herzlichen Dank an alle Unterst\u00fctzer!! Damit ist der Weg frei f\u00fcr die Realisierung des Projekts &#8211; die Proben haben begonnen und ab sofort k\u00f6nnen Eintrittskarten in unserer Gesch\u00e4ftsstelle erworben bzw. reserviert werden. Zur Erinnerung: Dieses Werk unserer Klavier- und Kompositionslehrerin Anna Milewska &#8211; eine Suite [&hellip;]<\/p>\n","protected":false},"author":1,"featured_media":0,"comment_status":"closed","ping_status":"open","sticky":false,"template":"","format":"standard","meta":[],"categories":[1,9,7],"tags":[],"_links":{"self":[{"href":"http:\/\/www.musikschule-quickborn.de\/index.php?rest_route=\/wp\/v2\/posts\/1376"}],"collection":[{"href":"http:\/\/www.musikschule-quickborn.de\/index.php?rest_route=\/wp\/v2\/posts"}],"about":[{"href":"http:\/\/www.musikschule-quickborn.de\/index.php?rest_route=\/wp\/v2\/types\/post"}],"author":[{"embeddable":true,"href":"http:\/\/www.musikschule-quickborn.de\/index.php?rest_route=\/wp\/v2\/users\/1"}],"replies":[{"embeddable":true,"href":"http:\/\/www.musikschule-quickborn.de\/index.php?rest_route=%2Fwp%2Fv2%2Fcomments&post=1376"}],"version-history":[{"count":3,"href":"http:\/\/www.musikschule-quickborn.de\/index.php?rest_route=\/wp\/v2\/posts\/1376\/revisions"}],"predecessor-version":[{"id":1380,"href":"http:\/\/www.musikschule-quickborn.de\/index.php?rest_route=\/wp\/v2\/posts\/1376\/revisions\/1380"}],"wp:attachment":[{"href":"http:\/\/www.musikschule-quickborn.de\/index.php?rest_route=%2Fwp%2Fv2%2Fmedia&parent=1376"}],"wp:term":[{"taxonomy":"category","embeddable":true,"href":"http:\/\/www.musikschule-quickborn.de\/index.php?rest_route=%2Fwp%2Fv2%2Fcategories&post=1376"},{"taxonomy":"post_tag","embeddable":true,"href":"http:\/\/www.musikschule-quickborn.de\/index.php?rest_route=%2Fwp%2Fv2%2Ftags&post=1376"}],"curies":[{"name":"wp","href":"https:\/\/api.w.org\/{rel}","templated":true}]}}