{"id":1361,"date":"2023-08-22T14:26:22","date_gmt":"2023-08-22T14:26:22","guid":{"rendered":"http:\/\/www.musikschule-quickborn.de\/?p=1361"},"modified":"2024-11-14T10:07:35","modified_gmt":"2024-11-14T10:07:35","slug":"700-jahre-quickborn-die-musikschule-im-jubilaeumsmonat-september","status":"publish","type":"post","link":"http:\/\/www.musikschule-quickborn.de\/?p=1361","title":{"rendered":"700 Jahre Quickborn! Die Musikschule im Jubil\u00e4umsmonat September"},"content":{"rendered":"\n<p>Mit mehreren Veranstaltungen beteiligt sich die Musikschule an dem Festmonat zum 700. Geburtstag Quickborns.<\/p>\n<p>Bei dem <strong>Jubil\u00e4ums-Festakt am 09. September<\/strong> wird unser Bl\u00e4ser- und Perkussions-Ensemble zusammen mit der Kantorei der ev.-luth. Kirchengemeinde Quickborn-Hasloh vor geladenen G\u00e4asten u.a. Werke von Gershwin und Artur Grenz auff\u00fchren.<\/p>\n<p><strong>Geistliche Musik f\u00fcr Bl\u00e4ser-Ensemble und Orgel<\/strong> steht dann bei der festlichen Matinee in der Katholischen Kirche St. Marien auf dem Programm. Das Konzert im Rahmen des Stiftungsfestes St. Marien beginnt am <strong>Sonntag, den 10. September um 11.30 Uhr.<\/strong><\/p>\n\n\n\n<p>Viel mehr als nur Drum-Set &#8211; zu einem ganz besonderen Konzert zum Jubil\u00e4ums-Eulenfest l\u00e4dt die Musikschule der Stadt Quickborn ein. Zwei Schlagzeug-Ensembles treffen am <strong>10.09.2023 um 16.30 Uhr im Artur-Grenz-Saal<\/strong> aufeinander, um dem Publikum den faszinierenden Klangreichtum der unterschiedlichsten Schlaginstrumente n\u00e4her zu bringen.&nbsp; Insgesamt etwa 20 Musiker und Musikerinnen m\u00f6chten unter dem Motto<strong> \u201eSchlagzeug-Mania\u201c<\/strong> f\u00fcr die entsprechende Atmosph\u00e4re sorgen. Die Leitung haben Mareike Eidem\u00fcller (Drum Experience 2.0) und Thomas Laukel (Percussionensemble Markkleeberg), als G\u00e4ste sind Mark Wetjen (Drumset) und Christian Niehues (Bass) dabei. Der Eintritt ist frei.<\/p>\n\n\n\n<figure class=\"wp-block-image size-large is-resized\"><a href=\"http:\/\/www.musikschule-quickborn.de\/wp-content\/uploads\/2023\/08\/Schlagzeug-Mania-Plakat-scaled.jpg\"><img loading=\"lazy\" src=\"http:\/\/www.musikschule-quickborn.de\/wp-content\/uploads\/2023\/08\/Schlagzeug-Mania-Plakat-724x1024.jpg\" alt=\"\" class=\"wp-image-1364\" width=\"362\" height=\"512\" srcset=\"http:\/\/www.musikschule-quickborn.de\/wp-content\/uploads\/2023\/08\/Schlagzeug-Mania-Plakat-724x1024.jpg 724w, http:\/\/www.musikschule-quickborn.de\/wp-content\/uploads\/2023\/08\/Schlagzeug-Mania-Plakat-212x300.jpg 212w, http:\/\/www.musikschule-quickborn.de\/wp-content\/uploads\/2023\/08\/Schlagzeug-Mania-Plakat-768x1087.jpg 768w, http:\/\/www.musikschule-quickborn.de\/wp-content\/uploads\/2023\/08\/Schlagzeug-Mania-Plakat-1085x1536.jpg 1085w, http:\/\/www.musikschule-quickborn.de\/wp-content\/uploads\/2023\/08\/Schlagzeug-Mania-Plakat-1447x2048.jpg 1447w, http:\/\/www.musikschule-quickborn.de\/wp-content\/uploads\/2023\/08\/Schlagzeug-Mania-Plakat-scaled.jpg 1809w\" sizes=\"(max-width: 362px) 100vw, 362px\" \/><\/a><\/figure>\n\n\n\n<p>Nicht nur Quickborn, sondern auch das Radio feiert in diesem Jahr einen runden Geburtstag: Im Oktober 1923 schaltete der erste offizielle Radiosender in Deutschland auf regelm\u00e4\u00dfigen Rundfunktbetrieb. Aus diesem Anlass rekonstruiert Musikschulleiter Lorenz Jensen zusammen mit einem Unterhaltungsorchester eine <strong>Funkstunde aus der goldenen Zeit des Radios in den 50er Jahren<\/strong>. Das Eulenfest-Konzert der <strong>Freunde der Kammermusik<\/strong> beginnt am <strong>Montag, den 11.09. um 19.30 Uhr im Artur-Grenz-Saal.<\/strong><\/p>\n<p>Auch in diesem Jahr werden die &#8222;<strong>Greenhorns<\/strong>&#8220; ihr traditionelles Konzert auf dem Eulenmarkt am <strong>16. September<\/strong> pr\u00e4sentieren. Los geht&#8217;s ab etwa <strong>15.00 Uhr auf der Freibad-B\u00fchne<\/strong> neben dem Stand der Musikschule. Eine weitere Chance, die Greenhorns zu sehen und zu h\u00f6ren gibt es nur eine Woche sp\u00e4ter, n\u00e4mlich auf dem <strong>Ausl\u00e4nderfest<\/strong> der Katholischen Kirche am <strong>23. September.<\/strong><\/p>\n<p>Mit einem spektakul\u00e4ren Finale beschlie\u00dfen wir den Festmonat: Am <strong>30.09. um 19.00 Uhr<\/strong> wird im <strong>Artur-Grenz-Saal<\/strong> <strong>Anna Milewskas Klavier-Zyklus &#8222;Elements&#8220;<\/strong> in einer Fassung f\u00fcr Klavier und Orchester aufgef\u00fchrt. Die Musik wird mit Bildern, Videos und passenden Texten in Beziehung gesetzt, also als <strong>Multi-Media-Projekt<\/strong> realisiert. Um die Durchf\u00fchrung mit professionellen Musikern zu erm\u00f6glichen, haben wir ein Crowd-Funding-Projekt gestartet und bitten auf diesem Weg um Ihre Unterst\u00fctzung! Die Abwicklung erfolgt \u00fcber die seri\u00f6se Spendenplattform der Investitionsbank Schleswig-Holstein unter <a href=\"https:\/\/www.wir-bewegen.sh\/project\/700-jahre-quickborn-multimediaprojekt-elements\" data-rich-text-format-boundary=\"true\">WIR BEWEGEN.SH (wir-bewegen.sh)<\/a><\/p>\n\n\n\n<figure class=\"wp-block-image size-large is-resized\"><a href=\"http:\/\/www.musikschule-quickborn.de\/wp-content\/uploads\/2023\/08\/Blisko-celu-4-przyciemnienie-przy-literach-scaled.jpg\"><img loading=\"lazy\" src=\"http:\/\/www.musikschule-quickborn.de\/wp-content\/uploads\/2023\/08\/Blisko-celu-4-przyciemnienie-przy-literach-724x1024.jpg\" alt=\"\" class=\"wp-image-1365\" width=\"362\" height=\"512\" srcset=\"http:\/\/www.musikschule-quickborn.de\/wp-content\/uploads\/2023\/08\/Blisko-celu-4-przyciemnienie-przy-literach-724x1024.jpg 724w, http:\/\/www.musikschule-quickborn.de\/wp-content\/uploads\/2023\/08\/Blisko-celu-4-przyciemnienie-przy-literach-212x300.jpg 212w, http:\/\/www.musikschule-quickborn.de\/wp-content\/uploads\/2023\/08\/Blisko-celu-4-przyciemnienie-przy-literach-768x1086.jpg 768w, http:\/\/www.musikschule-quickborn.de\/wp-content\/uploads\/2023\/08\/Blisko-celu-4-przyciemnienie-przy-literach-1086x1536.jpg 1086w, http:\/\/www.musikschule-quickborn.de\/wp-content\/uploads\/2023\/08\/Blisko-celu-4-przyciemnienie-przy-literach-1448x2048.jpg 1448w, http:\/\/www.musikschule-quickborn.de\/wp-content\/uploads\/2023\/08\/Blisko-celu-4-przyciemnienie-przy-literach-scaled.jpg 1810w\" sizes=\"(max-width: 362px) 100vw, 362px\" \/><\/a><\/figure>\n","protected":false},"excerpt":{"rendered":"<p>Mit mehreren Veranstaltungen beteiligt sich die Musikschule an dem Festmonat zum 700. Geburtstag Quickborns. Bei dem Jubil\u00e4ums-Festakt am 09. September wird unser Bl\u00e4ser- und Perkussions-Ensemble zusammen mit der Kantorei der ev.-luth. Kirchengemeinde Quickborn-Hasloh vor geladenen G\u00e4asten u.a. Werke von Gershwin und Artur Grenz auff\u00fchren. Geistliche Musik f\u00fcr Bl\u00e4ser-Ensemble und Orgel steht dann bei der festlichen [&hellip;]<\/p>\n","protected":false},"author":1,"featured_media":0,"comment_status":"closed","ping_status":"open","sticky":false,"template":"","format":"standard","meta":[],"categories":[1,9,7],"tags":[],"_links":{"self":[{"href":"http:\/\/www.musikschule-quickborn.de\/index.php?rest_route=\/wp\/v2\/posts\/1361"}],"collection":[{"href":"http:\/\/www.musikschule-quickborn.de\/index.php?rest_route=\/wp\/v2\/posts"}],"about":[{"href":"http:\/\/www.musikschule-quickborn.de\/index.php?rest_route=\/wp\/v2\/types\/post"}],"author":[{"embeddable":true,"href":"http:\/\/www.musikschule-quickborn.de\/index.php?rest_route=\/wp\/v2\/users\/1"}],"replies":[{"embeddable":true,"href":"http:\/\/www.musikschule-quickborn.de\/index.php?rest_route=%2Fwp%2Fv2%2Fcomments&post=1361"}],"version-history":[{"count":11,"href":"http:\/\/www.musikschule-quickborn.de\/index.php?rest_route=\/wp\/v2\/posts\/1361\/revisions"}],"predecessor-version":[{"id":1527,"href":"http:\/\/www.musikschule-quickborn.de\/index.php?rest_route=\/wp\/v2\/posts\/1361\/revisions\/1527"}],"wp:attachment":[{"href":"http:\/\/www.musikschule-quickborn.de\/index.php?rest_route=%2Fwp%2Fv2%2Fmedia&parent=1361"}],"wp:term":[{"taxonomy":"category","embeddable":true,"href":"http:\/\/www.musikschule-quickborn.de\/index.php?rest_route=%2Fwp%2Fv2%2Fcategories&post=1361"},{"taxonomy":"post_tag","embeddable":true,"href":"http:\/\/www.musikschule-quickborn.de\/index.php?rest_route=%2Fwp%2Fv2%2Ftags&post=1361"}],"curies":[{"name":"wp","href":"https:\/\/api.w.org\/{rel}","templated":true}]}}