{"id":1338,"date":"2023-06-06T08:04:44","date_gmt":"2023-06-06T08:04:44","guid":{"rendered":"http:\/\/www.musikschule-quickborn.de\/?p=1338"},"modified":"2024-11-14T10:07:53","modified_gmt":"2024-11-14T10:07:53","slug":"viel-musik-im-juni-juli","status":"publish","type":"post","link":"http:\/\/www.musikschule-quickborn.de\/?p=1338","title":{"rendered":"Viel Musik im Juni\/Juli"},"content":{"rendered":"\n<div class=\"wp-block-image\"><figure class=\"alignleft size-large is-resized\"><a href=\"http:\/\/www.musikschule-quickborn.de\/wp-content\/uploads\/2023\/06\/Waldmusik-Juni23.jpg\"><img loading=\"lazy\" src=\"http:\/\/www.musikschule-quickborn.de\/wp-content\/uploads\/2023\/06\/Waldmusik-Juni23-1024x1024.jpg\" alt=\"\" class=\"wp-image-1339\" width=\"451\" height=\"451\" srcset=\"http:\/\/www.musikschule-quickborn.de\/wp-content\/uploads\/2023\/06\/Waldmusik-Juni23-1024x1024.jpg 1024w, http:\/\/www.musikschule-quickborn.de\/wp-content\/uploads\/2023\/06\/Waldmusik-Juni23-300x300.jpg 300w, http:\/\/www.musikschule-quickborn.de\/wp-content\/uploads\/2023\/06\/Waldmusik-Juni23-150x150.jpg 150w, http:\/\/www.musikschule-quickborn.de\/wp-content\/uploads\/2023\/06\/Waldmusik-Juni23-768x768.jpg 768w, http:\/\/www.musikschule-quickborn.de\/wp-content\/uploads\/2023\/06\/Waldmusik-Juni23-1536x1536.jpg 1536w, http:\/\/www.musikschule-quickborn.de\/wp-content\/uploads\/2023\/06\/Waldmusik-Juni23-2048x2048.jpg 2048w\" sizes=\"(max-width: 451px) 100vw, 451px\" \/><\/a><\/figure><\/div>\n\n\n\n<p><strong>Zweiter Musikwald-Familientag<\/strong> am 17.Juni 2023 von 14.00-17.00 Uhr im Gronau-Wald Quickborn<\/p>\n<p>Vier Elemente im Wald &#8211; mit Anna Milewska.<\/p>\n<p>Weitere Informationen s. vorheriger Beitrag<\/p>\n\n\n\n<div class=\"wp-block-group\"><div class=\"wp-block-group__inner-container\">\n<div class=\"wp-block-image\"><figure class=\"alignright size-large is-resized\"><a href=\"http:\/\/www.musikschule-quickborn.de\/wp-content\/uploads\/2023\/06\/Gulda-Plakat.png\"><img loading=\"lazy\" src=\"http:\/\/www.musikschule-quickborn.de\/wp-content\/uploads\/2023\/06\/Gulda-Plakat-795x1024.png\" alt=\"\" class=\"wp-image-1340\" width=\"428\" height=\"551\" srcset=\"http:\/\/www.musikschule-quickborn.de\/wp-content\/uploads\/2023\/06\/Gulda-Plakat-795x1024.png 795w, http:\/\/www.musikschule-quickborn.de\/wp-content\/uploads\/2023\/06\/Gulda-Plakat-233x300.png 233w, http:\/\/www.musikschule-quickborn.de\/wp-content\/uploads\/2023\/06\/Gulda-Plakat-768x990.png 768w, http:\/\/www.musikschule-quickborn.de\/wp-content\/uploads\/2023\/06\/Gulda-Plakat.png 960w\" sizes=\"(max-width: 428px) 100vw, 428px\" \/><\/a><\/figure><\/div>\n<\/div><\/div>\n\n\n\n\n\n\n\n<p><\/p>\n\n\n\n<p>&nbsp;<\/p>\n<p>&nbsp;<\/p>\n<p>&nbsp;<\/p>\n<p>&nbsp;<\/p>\n<p>&nbsp;<\/p>\n<p>&nbsp;<\/p>\n<p>&nbsp;<\/p>\n<p>&nbsp;<\/p>\n<p>&nbsp;<\/p>\n<p>&nbsp;<\/p>\n<p>&nbsp;<\/p>\n<p>&nbsp;<\/p>\n<p>Am 18.06. findet im Artur-Grenz-Saal (s. Plakat) ein ganz besonderes Konzert mit dem Mare Brass Blechbl\u00e4serquintett, dem Bl\u00e4serensemble der Musikschule [ku]plus sowie Andreas Hamborg als Solo-Cellisten statt.<\/p>\n<p>Unter dem Motto <strong>Cross over<\/strong> stehen Werke u.a. von Kurt Weill (Dreigroschenmusik) und Friedrich Gulda auf dem Programm. H\u00f6hepunkt wird das Cello-Konzert von Gulda sein, das Elemente von Jazz, Volksmusik und Klassik vereint. N\u00e4heres auch unter www.ku-plus.de<\/p>\n\n\n\n\n\n<p>&nbsp;<\/p>\n<p>&nbsp;<\/p>\n<p>&nbsp;<\/p>\n\n\n\n<div class=\"wp-block-image\"><figure class=\"alignright size-large is-resized\"><a href=\"http:\/\/www.musikschule-quickborn.de\/wp-content\/uploads\/2023\/06\/20221126_152629-1-scaled.jpg\"><img loading=\"lazy\" src=\"http:\/\/www.musikschule-quickborn.de\/wp-content\/uploads\/2023\/06\/20221126_152629-1-1024x768.jpg\" alt=\"\" class=\"wp-image-1345\" width=\"551\" height=\"413\" srcset=\"http:\/\/www.musikschule-quickborn.de\/wp-content\/uploads\/2023\/06\/20221126_152629-1-1024x768.jpg 1024w, http:\/\/www.musikschule-quickborn.de\/wp-content\/uploads\/2023\/06\/20221126_152629-1-300x225.jpg 300w, http:\/\/www.musikschule-quickborn.de\/wp-content\/uploads\/2023\/06\/20221126_152629-1-768x576.jpg 768w, http:\/\/www.musikschule-quickborn.de\/wp-content\/uploads\/2023\/06\/20221126_152629-1-1536x1152.jpg 1536w, http:\/\/www.musikschule-quickborn.de\/wp-content\/uploads\/2023\/06\/20221126_152629-1-2048x1536.jpg 2048w\" sizes=\"(max-width: 551px) 100vw, 551px\" \/><\/a><\/figure><\/div>\n\n\n\n<p><\/p>\n\n\n\n<p>\u00a0<\/p>\n<p>\u00a0<\/p>\n<p>\u00a0<\/p>\n<p>\u00a0<\/p>\n<p>\u00a0<\/p>\n<p>\u00a0<\/p>\n<p>\u00a0<\/p>\n<p>\u00a0<\/p>\n<p>\u00a0<\/p>\n<p>Nach drei Jahren Pause ist es endlich wieder soweit: Ein <strong>Sch\u00fclerkonzert zum Tag der Musik<\/strong>! Preistr\u00e4ger des diesj\u00e4hrigen Regionalwettbewerbs &#8222;Jugend musiziert&#8220;, Sch\u00fcler*innen mit besonderen Beitr\u00e4gen sowie das Orchester der Musikschule pr\u00e4sentieren einen Querschnitt durch die erfolgreiche Arbeit der Musikschule. Beginn der Veranstaltung im Artur-Grenz-Saal am 24.06. ist um 17.00 Uhr. Der Eintritt ist frei.<\/p>\n<p>\u00a0<\/p>\n\n\n\n<div class=\"wp-block-image\"><figure class=\"alignleft size-large is-resized\"><a href=\"http:\/\/www.musikschule-quickborn.de\/wp-content\/uploads\/2023\/06\/Jugend_Musiziert_12666-scaled.jpg\"><img loading=\"lazy\" src=\"http:\/\/www.musikschule-quickborn.de\/wp-content\/uploads\/2023\/06\/Jugend_Musiziert_12666-682x1024.jpg\" alt=\"\" class=\"wp-image-1341\" width=\"352\" height=\"529\" srcset=\"http:\/\/www.musikschule-quickborn.de\/wp-content\/uploads\/2023\/06\/Jugend_Musiziert_12666-682x1024.jpg 682w, http:\/\/www.musikschule-quickborn.de\/wp-content\/uploads\/2023\/06\/Jugend_Musiziert_12666-200x300.jpg 200w, http:\/\/www.musikschule-quickborn.de\/wp-content\/uploads\/2023\/06\/Jugend_Musiziert_12666-768x1154.jpg 768w, http:\/\/www.musikschule-quickborn.de\/wp-content\/uploads\/2023\/06\/Jugend_Musiziert_12666-1022x1536.jpg 1022w, http:\/\/www.musikschule-quickborn.de\/wp-content\/uploads\/2023\/06\/Jugend_Musiziert_12666-1363x2048.jpg 1363w, http:\/\/www.musikschule-quickborn.de\/wp-content\/uploads\/2023\/06\/Jugend_Musiziert_12666-scaled.jpg 1704w\" sizes=\"(max-width: 352px) 100vw, 352px\" \/><\/a><figcaption>Copyright: Olaf Malzahn<\/figcaption><\/figure><\/div>\n\n\n\n<p><\/p>\n\n\n\n<p><\/p>\n\n\n\n<p><\/p>\n\n\n\n<p><\/p>\n\n\n\n<p><\/p>\n\n\n\n<p><strong>Jugend musiziert:  Vier-L\u00e4nder-Konzert in Quickborn<\/strong><\/p>\n\n\n\n<p>Bundespreistr\u00e4ger*innen des Nordens stellen sich vor<\/p>\n\n\n\n<p><\/p>\n\n\n\n<p>Am Samstag, den 01.Juli kommt es ab 17.00 Uhr im Quickborner Artur-Grenz-Saal zu einem musikalischen Gipfeltreffen der Sonderklasse:  Im Vier-L\u00e4nder-Konzert stellen sich junge K\u00fcnstler*innen aus Schleswig-Holstein, Hamburg, Niedersachsen und Mecklenburg-Vorpommern vor. Sie alle sind Preistr\u00e4ger*innen des Bundeswettbewerbs &#8222;Jugend musiziert&#8220; und pr\u00e4sentieren Ausschnitte ihres Wettbewerbsprogramms. <\/p>\n\n\n\n<p>NDR-Kultur zeichnet das Konzert auf und sendet es in der Reihe &#8222;Podium der Jungen&#8220; am Donnerstag, 19.10. 2023 um 20.00 Uhr. Der Eintritt ist frei.<\/p>\n","protected":false},"excerpt":{"rendered":"<p>Zweiter Musikwald-Familientag am 17.Juni 2023 von 14.00-17.00 Uhr im Gronau-Wald Quickborn Vier Elemente im Wald &#8211; mit Anna Milewska. Weitere Informationen s. vorheriger Beitrag &nbsp; &nbsp; &nbsp; &nbsp; &nbsp; &nbsp; &nbsp; &nbsp; &nbsp; &nbsp; &nbsp; &nbsp; Am 18.06. findet im Artur-Grenz-Saal (s. Plakat) ein ganz besonderes Konzert mit dem Mare Brass Blechbl\u00e4serquintett, dem Bl\u00e4serensemble der [&hellip;]<\/p>\n","protected":false},"author":1,"featured_media":0,"comment_status":"closed","ping_status":"open","sticky":false,"template":"","format":"standard","meta":[],"categories":[1,9,7],"tags":[],"_links":{"self":[{"href":"http:\/\/www.musikschule-quickborn.de\/index.php?rest_route=\/wp\/v2\/posts\/1338"}],"collection":[{"href":"http:\/\/www.musikschule-quickborn.de\/index.php?rest_route=\/wp\/v2\/posts"}],"about":[{"href":"http:\/\/www.musikschule-quickborn.de\/index.php?rest_route=\/wp\/v2\/types\/post"}],"author":[{"embeddable":true,"href":"http:\/\/www.musikschule-quickborn.de\/index.php?rest_route=\/wp\/v2\/users\/1"}],"replies":[{"embeddable":true,"href":"http:\/\/www.musikschule-quickborn.de\/index.php?rest_route=%2Fwp%2Fv2%2Fcomments&post=1338"}],"version-history":[{"count":15,"href":"http:\/\/www.musikschule-quickborn.de\/index.php?rest_route=\/wp\/v2\/posts\/1338\/revisions"}],"predecessor-version":[{"id":1528,"href":"http:\/\/www.musikschule-quickborn.de\/index.php?rest_route=\/wp\/v2\/posts\/1338\/revisions\/1528"}],"wp:attachment":[{"href":"http:\/\/www.musikschule-quickborn.de\/index.php?rest_route=%2Fwp%2Fv2%2Fmedia&parent=1338"}],"wp:term":[{"taxonomy":"category","embeddable":true,"href":"http:\/\/www.musikschule-quickborn.de\/index.php?rest_route=%2Fwp%2Fv2%2Fcategories&post=1338"},{"taxonomy":"post_tag","embeddable":true,"href":"http:\/\/www.musikschule-quickborn.de\/index.php?rest_route=%2Fwp%2Fv2%2Ftags&post=1338"}],"curies":[{"name":"wp","href":"https:\/\/api.w.org\/{rel}","templated":true}]}}