{"id":1319,"date":"2023-02-14T10:36:28","date_gmt":"2023-02-14T10:36:28","guid":{"rendered":"http:\/\/www.musikschule-quickborn.de\/?p=1319"},"modified":"2023-02-14T10:36:30","modified_gmt":"2023-02-14T10:36:30","slug":"ein-musikalisches-wochenende-steht-bevor","status":"publish","type":"post","link":"http:\/\/www.musikschule-quickborn.de\/?p=1319","title":{"rendered":"Ein musikalisches Wochenende steht bevor"},"content":{"rendered":"\n<p><strong>Karnevaleske Kammermusik am Freitag, den 17.02.2023\u00a0<\/strong><\/p>\n<p>Ein besonderes Programm erwartet das Publikum bei der n\u00e4chsten Veranstaltung der Reihe &#8222;Musik am Nachmittag&#8220;.\u00a0 Passend zum Karnevals-Wochenende werden an diesem Tag um 15.00 Uhr die Zirkusmusik von Artur Grenz sowie der Karneval der Tiere von Camille Saint-Saens in Versionen f\u00fcr Kammer-Ensemble aufgef\u00fchrt.\u00a0 Die passenden Texte dazu werden von Lorenz Jensen gelesen.<\/p>\n<p>Diese Veranstaltungsreihe richtet sich insbesondere an Bewohner von Pflegeheimen sowie an \u00e4ltere Menschen und deren Angeh\u00f6rige und Freunde. Die Veranstalter freuen sich \u00fcber zahlreiches Publikum und versprechen einen bunten Konzertnachmittag. Der Eintrittspreis betr\u00e4gt 4 \u20ac.<\/p>\n\n\n\n<figure class=\"wp-block-image size-large is-resized\"><a href=\"http:\/\/www.musikschule-quickborn.de\/wp-content\/uploads\/2023\/02\/Musik-am-Nachmittag-11022023-Poster-scaled.jpg\"><img loading=\"lazy\" src=\"http:\/\/www.musikschule-quickborn.de\/wp-content\/uploads\/2023\/02\/Musik-am-Nachmittag-11022023-Poster-724x1024.jpg\" alt=\"\" class=\"wp-image-1320\" width=\"365\" height=\"516\" srcset=\"http:\/\/www.musikschule-quickborn.de\/wp-content\/uploads\/2023\/02\/Musik-am-Nachmittag-11022023-Poster-724x1024.jpg 724w, http:\/\/www.musikschule-quickborn.de\/wp-content\/uploads\/2023\/02\/Musik-am-Nachmittag-11022023-Poster-212x300.jpg 212w, http:\/\/www.musikschule-quickborn.de\/wp-content\/uploads\/2023\/02\/Musik-am-Nachmittag-11022023-Poster-768x1087.jpg 768w, http:\/\/www.musikschule-quickborn.de\/wp-content\/uploads\/2023\/02\/Musik-am-Nachmittag-11022023-Poster-1085x1536.jpg 1085w, http:\/\/www.musikschule-quickborn.de\/wp-content\/uploads\/2023\/02\/Musik-am-Nachmittag-11022023-Poster-1447x2048.jpg 1447w, http:\/\/www.musikschule-quickborn.de\/wp-content\/uploads\/2023\/02\/Musik-am-Nachmittag-11022023-Poster-scaled.jpg 1809w\" sizes=\"(max-width: 365px) 100vw, 365px\" \/><\/a><\/figure>\n\n\n\n<p><\/p>\n\n\n\n<div class=\"wp-block-image\"><figure class=\"alignleft size-large is-resized\"><img loading=\"lazy\" src=\"https:\/\/image.jimcdn.com\/app\/cms\/image\/transf\/dimension=652x10000:format=png\/path\/sc078e9255dfa9963\/image\/i8819c6499c8a669f\/version\/1668976751\/image.png\" alt=\"\" width=\"422\" height=\"579\"\/><\/figure><\/div>\n\n\n\n<p><strong>Weiter geht es am Sonntag, den 19.02. \u00dcber dieses Konzert schreiben die Mitwirkenden:<\/strong><\/p>\n\n\n\n<p>Liebe Freunde des OP[ku],<\/p>\n\n\n\n<p>liebe Musical-Fans,<\/p>\n\n\n\n<p>wir freuen uns, euch unser n\u00e4chstes Konzert mit den sch\u00f6nsten Melodien aus bekannten Musicals ank\u00fcndigen zu d\u00fcrfen.<\/p>\n\n\n\n<p>Wir pr\u00e4sentieren ein abwechslungsreiches Programm mit beliebten Songs aus \u201eDer K\u00f6nig der L\u00f6wen\u201c, dem \u201ePhantom der Oper\u201c, \u201eBeauty and the Beast\u201c, dem \u201eTanz der Vampire\u201c und mehr\u2026.<\/p>\n\n\n\n<p>Lasst euch von der Magie des Musicals verzaubern und seid dabei, wenn wir gemeinsam Quickborn f\u00fcr einen Tag zur Musical-Metropole im Norden machen.<\/p>\n\n\n\n<p>Wir freuen uns auf euch!<\/p>\n","protected":false},"excerpt":{"rendered":"<p>Karnevaleske Kammermusik am Freitag, den 17.02.2023\u00a0 Ein besonderes Programm erwartet das Publikum bei der n\u00e4chsten Veranstaltung der Reihe &#8222;Musik am Nachmittag&#8220;.\u00a0 Passend zum Karnevals-Wochenende werden an diesem Tag um 15.00 Uhr die Zirkusmusik von Artur Grenz sowie der Karneval der Tiere von Camille Saint-Saens in Versionen f\u00fcr Kammer-Ensemble aufgef\u00fchrt.\u00a0 Die passenden Texte dazu werden von [&hellip;]<\/p>\n","protected":false},"author":1,"featured_media":0,"comment_status":"closed","ping_status":"open","sticky":false,"template":"","format":"standard","meta":[],"categories":[1],"tags":[],"_links":{"self":[{"href":"http:\/\/www.musikschule-quickborn.de\/index.php?rest_route=\/wp\/v2\/posts\/1319"}],"collection":[{"href":"http:\/\/www.musikschule-quickborn.de\/index.php?rest_route=\/wp\/v2\/posts"}],"about":[{"href":"http:\/\/www.musikschule-quickborn.de\/index.php?rest_route=\/wp\/v2\/types\/post"}],"author":[{"embeddable":true,"href":"http:\/\/www.musikschule-quickborn.de\/index.php?rest_route=\/wp\/v2\/users\/1"}],"replies":[{"embeddable":true,"href":"http:\/\/www.musikschule-quickborn.de\/index.php?rest_route=%2Fwp%2Fv2%2Fcomments&post=1319"}],"version-history":[{"count":1,"href":"http:\/\/www.musikschule-quickborn.de\/index.php?rest_route=\/wp\/v2\/posts\/1319\/revisions"}],"predecessor-version":[{"id":1321,"href":"http:\/\/www.musikschule-quickborn.de\/index.php?rest_route=\/wp\/v2\/posts\/1319\/revisions\/1321"}],"wp:attachment":[{"href":"http:\/\/www.musikschule-quickborn.de\/index.php?rest_route=%2Fwp%2Fv2%2Fmedia&parent=1319"}],"wp:term":[{"taxonomy":"category","embeddable":true,"href":"http:\/\/www.musikschule-quickborn.de\/index.php?rest_route=%2Fwp%2Fv2%2Fcategories&post=1319"},{"taxonomy":"post_tag","embeddable":true,"href":"http:\/\/www.musikschule-quickborn.de\/index.php?rest_route=%2Fwp%2Fv2%2Ftags&post=1319"}],"curies":[{"name":"wp","href":"https:\/\/api.w.org\/{rel}","templated":true}]}}