{"id":1309,"date":"2023-01-26T19:37:56","date_gmt":"2023-01-26T19:37:56","guid":{"rendered":"http:\/\/www.musikschule-quickborn.de\/?p=1309"},"modified":"2023-01-30T09:30:33","modified_gmt":"2023-01-30T09:30:33","slug":"schueler-der-musikschule-erfolgreich-bei-jugend-musiziert","status":"publish","type":"post","link":"http:\/\/www.musikschule-quickborn.de\/?p=1309","title":{"rendered":"Sch\u00fcler der Musikschule erfolgreich bei Jugend musiziert"},"content":{"rendered":"\n<p>&nbsp;<\/p>\n<p>&nbsp;<\/p>\n\n\n\n<figure class=\"wp-block-image size-large is-resized\"><a href=\"http:\/\/www.musikschule-quickborn.de\/wp-content\/uploads\/2023\/01\/DSC_3212-scaled.jpg\"><img loading=\"lazy\" src=\"http:\/\/www.musikschule-quickborn.de\/wp-content\/uploads\/2023\/01\/DSC_3212-1024x576.jpg\" alt=\"\" class=\"wp-image-1311\" width=\"621\" height=\"349\" srcset=\"http:\/\/www.musikschule-quickborn.de\/wp-content\/uploads\/2023\/01\/DSC_3212-1024x576.jpg 1024w, http:\/\/www.musikschule-quickborn.de\/wp-content\/uploads\/2023\/01\/DSC_3212-300x169.jpg 300w, http:\/\/www.musikschule-quickborn.de\/wp-content\/uploads\/2023\/01\/DSC_3212-768x432.jpg 768w, http:\/\/www.musikschule-quickborn.de\/wp-content\/uploads\/2023\/01\/DSC_3212-1536x864.jpg 1536w, http:\/\/www.musikschule-quickborn.de\/wp-content\/uploads\/2023\/01\/DSC_3212-2048x1152.jpg 2048w\" sizes=\"(max-width: 621px) 100vw, 621px\" \/><\/a><\/figure>\n\n\n\n<p>Am 60. Regionalwettbewerb S\u00fcdholstein, der am 20. und 21. Januar in Quickborn und Norderstedt stattfand, beteiligten sich \u00fcber 100 Sch\u00fcler. Darunter nahmen auch drei Sch\u00fcler aus der Klavierklasse von Anna Milewska mit Erfolg teil. Jonas Wolf startete in der fortgeschrittenen Altersgruppe (AG) V und erzielte einen zweiten Preis, Raphael Hatje (AG II) und Alexander Hatje (AG III) erspielten sich einen ersten Preis. Auch Eleonora Fischer (AG IV) aus dem Musiktheoriekurs von Anna Milewska konnte sich \u00fcber einen zweiten Preis in der Kategorie Klavier freuen. Wir gratulieren!<\/p>\n\n\n\n<div class=\"wp-block-image\"><figure class=\"alignright size-large is-resized\"><a href=\"http:\/\/www.musikschule-quickborn.de\/wp-content\/uploads\/2023\/01\/Urkundenbild.jpeg\"><img loading=\"lazy\" src=\"http:\/\/www.musikschule-quickborn.de\/wp-content\/uploads\/2023\/01\/Urkundenbild-768x1024.jpeg\" alt=\"\" class=\"wp-image-1315\" width=\"216\" height=\"288\" srcset=\"http:\/\/www.musikschule-quickborn.de\/wp-content\/uploads\/2023\/01\/Urkundenbild-768x1024.jpeg 768w, http:\/\/www.musikschule-quickborn.de\/wp-content\/uploads\/2023\/01\/Urkundenbild-225x300.jpeg 225w, http:\/\/www.musikschule-quickborn.de\/wp-content\/uploads\/2023\/01\/Urkundenbild-1152x1536.jpeg 1152w, http:\/\/www.musikschule-quickborn.de\/wp-content\/uploads\/2023\/01\/Urkundenbild.jpeg 1536w\" sizes=\"(max-width: 216px) 100vw, 216px\" \/><\/a><figcaption>Jonas Wolf<\/figcaption><\/figure><\/div>\n\n\n\n<div class=\"wp-block-image\"><figure class=\"alignleft size-large is-resized\"><a href=\"http:\/\/www.musikschule-quickborn.de\/wp-content\/uploads\/2023\/01\/IMG-20230125-WA0001.jpg\"><img loading=\"lazy\" src=\"http:\/\/www.musikschule-quickborn.de\/wp-content\/uploads\/2023\/01\/IMG-20230125-WA0001.jpg\" alt=\"\" class=\"wp-image-1312\" width=\"398\" height=\"298\" srcset=\"http:\/\/www.musikschule-quickborn.de\/wp-content\/uploads\/2023\/01\/IMG-20230125-WA0001.jpg 1024w, http:\/\/www.musikschule-quickborn.de\/wp-content\/uploads\/2023\/01\/IMG-20230125-WA0001-300x225.jpg 300w, http:\/\/www.musikschule-quickborn.de\/wp-content\/uploads\/2023\/01\/IMG-20230125-WA0001-768x576.jpg 768w\" sizes=\"(max-width: 398px) 100vw, 398px\" \/><\/a><figcaption>Raphael und Alexander Hatje <\/figcaption><\/figure><\/div>\n","protected":false},"excerpt":{"rendered":"<p>&nbsp; &nbsp; Am 60. Regionalwettbewerb S\u00fcdholstein, der am 20. und 21. Januar in Quickborn und Norderstedt stattfand, beteiligten sich \u00fcber 100 Sch\u00fcler. Darunter nahmen auch drei Sch\u00fcler aus der Klavierklasse von Anna Milewska mit Erfolg teil. Jonas Wolf startete in der fortgeschrittenen Altersgruppe (AG) V und erzielte einen zweiten Preis, Raphael Hatje (AG II) und [&hellip;]<\/p>\n","protected":false},"author":1,"featured_media":0,"comment_status":"closed","ping_status":"open","sticky":false,"template":"","format":"standard","meta":[],"categories":[1],"tags":[],"_links":{"self":[{"href":"http:\/\/www.musikschule-quickborn.de\/index.php?rest_route=\/wp\/v2\/posts\/1309"}],"collection":[{"href":"http:\/\/www.musikschule-quickborn.de\/index.php?rest_route=\/wp\/v2\/posts"}],"about":[{"href":"http:\/\/www.musikschule-quickborn.de\/index.php?rest_route=\/wp\/v2\/types\/post"}],"author":[{"embeddable":true,"href":"http:\/\/www.musikschule-quickborn.de\/index.php?rest_route=\/wp\/v2\/users\/1"}],"replies":[{"embeddable":true,"href":"http:\/\/www.musikschule-quickborn.de\/index.php?rest_route=%2Fwp%2Fv2%2Fcomments&post=1309"}],"version-history":[{"count":3,"href":"http:\/\/www.musikschule-quickborn.de\/index.php?rest_route=\/wp\/v2\/posts\/1309\/revisions"}],"predecessor-version":[{"id":1317,"href":"http:\/\/www.musikschule-quickborn.de\/index.php?rest_route=\/wp\/v2\/posts\/1309\/revisions\/1317"}],"wp:attachment":[{"href":"http:\/\/www.musikschule-quickborn.de\/index.php?rest_route=%2Fwp%2Fv2%2Fmedia&parent=1309"}],"wp:term":[{"taxonomy":"category","embeddable":true,"href":"http:\/\/www.musikschule-quickborn.de\/index.php?rest_route=%2Fwp%2Fv2%2Fcategories&post=1309"},{"taxonomy":"post_tag","embeddable":true,"href":"http:\/\/www.musikschule-quickborn.de\/index.php?rest_route=%2Fwp%2Fv2%2Ftags&post=1309"}],"curies":[{"name":"wp","href":"https:\/\/api.w.org\/{rel}","templated":true}]}}