{"id":1241,"date":"2022-04-15T10:23:36","date_gmt":"2022-04-15T10:23:36","guid":{"rendered":"http:\/\/www.musikschule-quickborn.de\/?p=1241"},"modified":"2022-04-15T10:23:38","modified_gmt":"2022-04-15T10:23:38","slug":"easy-listening-mit-den-greenhorns-am-01-mai","status":"publish","type":"post","link":"http:\/\/www.musikschule-quickborn.de\/?p=1241","title":{"rendered":"&#8222;Easy Listening&#8220; mit den GreenHorns am 01. Mai"},"content":{"rendered":"\n<p><span style=\"font-family: Times New Roman, serif;\"><span style=\"font-size: medium;\"><span style=\"font-family: Calibri, serif;\"><span style=\"font-size: small;\"><a href=\"http:\/\/www.musikschule-quickborn.de\/?attachment_id=1242\" rel=\"attachment wp-att-1242\"><img loading=\"lazy\" class=\"alignleft size-medium wp-image-1242\" src=\"http:\/\/www.musikschule-quickborn.de\/wp-content\/uploads\/2022\/04\/Bild-Greenhorns-300x200.jpg\" alt=\"\" width=\"300\" height=\"200\" srcset=\"http:\/\/www.musikschule-quickborn.de\/wp-content\/uploads\/2022\/04\/Bild-Greenhorns-300x200.jpg 300w, http:\/\/www.musikschule-quickborn.de\/wp-content\/uploads\/2022\/04\/Bild-Greenhorns-1024x681.jpg 1024w, http:\/\/www.musikschule-quickborn.de\/wp-content\/uploads\/2022\/04\/Bild-Greenhorns-768x511.jpg 768w, http:\/\/www.musikschule-quickborn.de\/wp-content\/uploads\/2022\/04\/Bild-Greenhorns-1536x1022.jpg 1536w, http:\/\/www.musikschule-quickborn.de\/wp-content\/uploads\/2022\/04\/Bild-Greenhorns-2048x1363.jpg 2048w\" sizes=\"(max-width: 300px) 100vw, 300px\" \/><\/a>Nach einer l\u00e4ngeren Pause melden sich die GreenHorns, die Big Band der Musikschule, wieder zur\u00fcck im kulturellen Geschehen ihrer Heimatstadt Quickborn: Sie pr\u00e4sentieren unter der Leitung von Frank-Peter K\u00f6nen am Sonntag, 1. Mai ab 11 Uhr im Artur-Grenz-Saal, Am Freibad 7, eine Bert Kaempfert-Gala, die musikalisch das Werk und Leben des legend\u00e4ren Komponisten, Arrangeurs und Produzenten umrei\u00dfen wird. <\/span><\/span><\/span><\/span><\/p>\n<p><span style=\"font-family: Times New Roman, serif;\"><span style=\"font-size: medium;\"><span style=\"font-family: Calibri, serif;\"><span style=\"font-size: small;\">Besonders freut sich das Ensemble, dass es den bekannten Moderator und Zeitzeugen Carlo von Tiedemann gewinnen konnte: Er wird das Programm unentgeltlich mit seinen pers\u00f6nlichen Erinnerungen an die Musiklegende bereichern. &nbsp;<\/span><\/span><\/span><\/span><\/p>\n<p><span style=\"font-family: Times New Roman, serif;\"><span style=\"font-size: medium;\"><span style=\"font-family: Calibri, serif;\"><span style=\"font-size: small;\">Auf dem Programm stehen selbstverst\u00e4ndlich bekannte St\u00fccke aus der Feder Kaempferts wie \u201eStrangers in the night\u201c, \u201eAfricaan Beat\u201c, \u201eSpanish Eyes\u201c oder \u201eA swinging Safari\u201c aber auch andere Werke, die Bezug auf Stationen seines Lebens verweisen wie \u201eDer Junge mit dem T\u00fcdelband\u201c, \u201eOlympiafanfare\u201c oder \u201eHere comes the sun\u201c von den Beatles, die Kaempfert als erster unter Vertrag nahm. <\/span><\/span><\/span><\/span><\/p>\n<p><span style=\"font-family: Times New Roman, serif;\"><span style=\"font-size: medium;\"><span style=\"font-family: Calibri, serif;\"><span style=\"font-size: small;\">Den weit \u00fcberwiegenden Teil der St\u00fccke haben die GreenHorns f\u00fcr das Konzert neu aufgelegt, einige wenige sind altbekannte Sch\u00e4tze des Repertoires. <\/span><\/span><\/span><\/span><\/p>\n<p><span style=\"font-family: Times New Roman, serif;\"><span style=\"font-size: medium;\"><span style=\"font-family: Calibri, serif;\"><span style=\"font-size: small;\">In diesem Sinne d\u00fcrfen die Quickborner sich auf ein abwechslungsreiches Konzert mit besonderer Moderation freuen, das &#8211; getreu dem Motto \u201eEasy Listening\u201c &#8211; Musik bieten wird, \u201edie nicht st\u00f6rt\u201c (O-Ton Bert Kaempfert).<\/span><\/span><\/span><\/span><\/p>\n<p><a href=\"http:\/\/www.musikschule-quickborn.de\/?attachment_id=1246\" rel=\"attachment wp-att-1246\"><img loading=\"lazy\" class=\"alignleft size-medium wp-image-1246\" src=\"http:\/\/www.musikschule-quickborn.de\/wp-content\/uploads\/2022\/04\/0001-212x300.jpg\" alt=\"\" width=\"212\" height=\"300\" srcset=\"http:\/\/www.musikschule-quickborn.de\/wp-content\/uploads\/2022\/04\/0001-212x300.jpg 212w, http:\/\/www.musikschule-quickborn.de\/wp-content\/uploads\/2022\/04\/0001-724x1024.jpg 724w, http:\/\/www.musikschule-quickborn.de\/wp-content\/uploads\/2022\/04\/0001-768x1086.jpg 768w, http:\/\/www.musikschule-quickborn.de\/wp-content\/uploads\/2022\/04\/0001-1086x1536.jpg 1086w, http:\/\/www.musikschule-quickborn.de\/wp-content\/uploads\/2022\/04\/0001-1448x2048.jpg 1448w, http:\/\/www.musikschule-quickborn.de\/wp-content\/uploads\/2022\/04\/0001-scaled.jpg 1810w\" sizes=\"(max-width: 212px) 100vw, 212px\" \/><\/a><\/p>\n","protected":false},"excerpt":{"rendered":"<p>Nach einer l\u00e4ngeren Pause melden sich die GreenHorns, die Big Band der Musikschule, wieder zur\u00fcck im kulturellen Geschehen ihrer Heimatstadt Quickborn: Sie pr\u00e4sentieren unter der Leitung von Frank-Peter K\u00f6nen am Sonntag, 1. Mai ab 11 Uhr im Artur-Grenz-Saal, Am Freibad 7, eine Bert Kaempfert-Gala, die musikalisch das Werk und Leben des legend\u00e4ren Komponisten, Arrangeurs und [&hellip;]<\/p>\n","protected":false},"author":1,"featured_media":0,"comment_status":"closed","ping_status":"open","sticky":false,"template":"","format":"standard","meta":[],"categories":[1],"tags":[],"_links":{"self":[{"href":"http:\/\/www.musikschule-quickborn.de\/index.php?rest_route=\/wp\/v2\/posts\/1241"}],"collection":[{"href":"http:\/\/www.musikschule-quickborn.de\/index.php?rest_route=\/wp\/v2\/posts"}],"about":[{"href":"http:\/\/www.musikschule-quickborn.de\/index.php?rest_route=\/wp\/v2\/types\/post"}],"author":[{"embeddable":true,"href":"http:\/\/www.musikschule-quickborn.de\/index.php?rest_route=\/wp\/v2\/users\/1"}],"replies":[{"embeddable":true,"href":"http:\/\/www.musikschule-quickborn.de\/index.php?rest_route=%2Fwp%2Fv2%2Fcomments&post=1241"}],"version-history":[{"count":2,"href":"http:\/\/www.musikschule-quickborn.de\/index.php?rest_route=\/wp\/v2\/posts\/1241\/revisions"}],"predecessor-version":[{"id":1249,"href":"http:\/\/www.musikschule-quickborn.de\/index.php?rest_route=\/wp\/v2\/posts\/1241\/revisions\/1249"}],"wp:attachment":[{"href":"http:\/\/www.musikschule-quickborn.de\/index.php?rest_route=%2Fwp%2Fv2%2Fmedia&parent=1241"}],"wp:term":[{"taxonomy":"category","embeddable":true,"href":"http:\/\/www.musikschule-quickborn.de\/index.php?rest_route=%2Fwp%2Fv2%2Fcategories&post=1241"},{"taxonomy":"post_tag","embeddable":true,"href":"http:\/\/www.musikschule-quickborn.de\/index.php?rest_route=%2Fwp%2Fv2%2Ftags&post=1241"}],"curies":[{"name":"wp","href":"https:\/\/api.w.org\/{rel}","templated":true}]}}