{"id":1197,"date":"2021-11-30T10:50:35","date_gmt":"2021-11-30T10:50:35","guid":{"rendered":"http:\/\/www.musikschule-quickborn.de\/?p=1197"},"modified":"2021-11-30T10:50:37","modified_gmt":"2021-11-30T10:50:37","slug":"adventskonzert","status":"publish","type":"post","link":"http:\/\/www.musikschule-quickborn.de\/?p=1197","title":{"rendered":"Adventskonzert"},"content":{"rendered":"\n<p>Auf der B\u00fchne galt 2G+, im Publikum 2G:  Unter diesen strengen Auflagen fand das Adventskonzert am Vorabend des ersten Advents im Artur-Grenz-Saal statt.  Musiksch\u00fcler wie  Alexander Hatje, Vanessa Prie\u00df und Torsten B\u00fchrmann sowie die Lehrkr\u00e4fte Anna Milewska und Falko Jentsch wurden als Solisten vom Orchester der Musikschule begleitet, welches seinerseits auch eigene Programmpunkte wie beispielsweise von Pachelbel und Beethoven beisteuerte. Auch der musikalische Gru\u00df an die Partnermusikschule in Boxholm, vorgetragen von Johanne Jensen, durfte nicht fehlen.<\/p>\n\n\n\n<figure class=\"wp-block-image size-large is-resized\"><a href=\"http:\/\/www.musikschule-quickborn.de\/wp-content\/uploads\/2021\/11\/IMG_3037-scaled.jpg\"><img loading=\"lazy\" src=\"http:\/\/www.musikschule-quickborn.de\/wp-content\/uploads\/2021\/11\/IMG_3037-1024x768.jpg\" alt=\"\" class=\"wp-image-1201\" width=\"650\" height=\"488\" srcset=\"http:\/\/www.musikschule-quickborn.de\/wp-content\/uploads\/2021\/11\/IMG_3037-1024x768.jpg 1024w, http:\/\/www.musikschule-quickborn.de\/wp-content\/uploads\/2021\/11\/IMG_3037-300x225.jpg 300w, http:\/\/www.musikschule-quickborn.de\/wp-content\/uploads\/2021\/11\/IMG_3037-768x576.jpg 768w, http:\/\/www.musikschule-quickborn.de\/wp-content\/uploads\/2021\/11\/IMG_3037-1536x1152.jpg 1536w, http:\/\/www.musikschule-quickborn.de\/wp-content\/uploads\/2021\/11\/IMG_3037-2048x1536.jpg 2048w\" sizes=\"(max-width: 650px) 100vw, 650px\" \/><\/a><\/figure>\n\n\n\n<p>Hier eine R\u00fcckmeldung aus dem Publikum: &#8222;Das Konzert war sehr sch\u00f6n und das Programm wieder sehr variantenreich zusammengestellt. Ich denke, f\u00fcr die gro\u00dfen und kleinen Musiker und f\u00fcr die Zuh\u00f6rer war es sehr wichtig, dass es stattfinden konnte. Es war einfach gut f\u00fcr&#8217;s Gem\u00fct!&#8220;<\/p>\n\n\n\n<p>Die nachfolgenden Videos geben einen kleinen Einblick von der besonderen Atmosph\u00e4re dieses Konzertes.<\/p>\n\n\n\n<figure class=\"wp-block-embed is-type-video is-provider-youtube wp-block-embed-youtube wp-embed-aspect-16-9 wp-has-aspect-ratio\"><div class=\"wp-block-embed__wrapper\">\n<iframe loading=\"lazy\" title=\"W. A. Mozart Sonate C-Dur KV 545 &quot;Sonata Facile&quot; Satz 1. Allegro\" width=\"500\" height=\"281\" src=\"https:\/\/www.youtube.com\/embed\/6M9xLG1VCOo?feature=oembed\" frameborder=\"0\" allow=\"accelerometer; autoplay; clipboard-write; encrypted-media; gyroscope; picture-in-picture\" allowfullscreen><\/iframe>\n<\/div><\/figure>\n\n\n\n<figure class=\"wp-block-embed is-type-video is-provider-youtube wp-block-embed-youtube wp-embed-aspect-16-9 wp-has-aspect-ratio\"><div class=\"wp-block-embed__wrapper\">\n<iframe loading=\"lazy\" title=\"Ludwig van Beethoven &quot;Mondscheinsonate&quot; Satz 1\" width=\"500\" height=\"281\" src=\"https:\/\/www.youtube.com\/embed\/kfE_ssnXxFU?feature=oembed\" frameborder=\"0\" allow=\"accelerometer; autoplay; clipboard-write; encrypted-media; gyroscope; picture-in-picture\" allowfullscreen><\/iframe>\n<\/div><\/figure>\n\n\n\n<figure class=\"wp-block-embed is-type-video is-provider-youtube wp-block-embed-youtube wp-embed-aspect-16-9 wp-has-aspect-ratio\"><div class=\"wp-block-embed__wrapper\">\n<iframe loading=\"lazy\" title=\"Sonnenfarben - von Anna Milewska\" width=\"500\" height=\"281\" src=\"https:\/\/www.youtube.com\/embed\/OgnGqyxMoOc?feature=oembed\" frameborder=\"0\" allow=\"accelerometer; autoplay; clipboard-write; encrypted-media; gyroscope; picture-in-picture\" allowfullscreen><\/iframe>\n<\/div><\/figure>\n","protected":false},"excerpt":{"rendered":"<p>Auf der B\u00fchne galt 2G+, im Publikum 2G: Unter diesen strengen Auflagen fand das Adventskonzert am Vorabend des ersten Advents im Artur-Grenz-Saal statt. Musiksch\u00fcler wie Alexander Hatje, Vanessa Prie\u00df und Torsten B\u00fchrmann sowie die Lehrkr\u00e4fte Anna Milewska und Falko Jentsch wurden als Solisten vom Orchester der Musikschule begleitet, welches seinerseits auch eigene Programmpunkte wie beispielsweise [&hellip;]<\/p>\n","protected":false},"author":1,"featured_media":0,"comment_status":"closed","ping_status":"open","sticky":false,"template":"","format":"standard","meta":[],"categories":[1],"tags":[],"_links":{"self":[{"href":"http:\/\/www.musikschule-quickborn.de\/index.php?rest_route=\/wp\/v2\/posts\/1197"}],"collection":[{"href":"http:\/\/www.musikschule-quickborn.de\/index.php?rest_route=\/wp\/v2\/posts"}],"about":[{"href":"http:\/\/www.musikschule-quickborn.de\/index.php?rest_route=\/wp\/v2\/types\/post"}],"author":[{"embeddable":true,"href":"http:\/\/www.musikschule-quickborn.de\/index.php?rest_route=\/wp\/v2\/users\/1"}],"replies":[{"embeddable":true,"href":"http:\/\/www.musikschule-quickborn.de\/index.php?rest_route=%2Fwp%2Fv2%2Fcomments&post=1197"}],"version-history":[{"count":5,"href":"http:\/\/www.musikschule-quickborn.de\/index.php?rest_route=\/wp\/v2\/posts\/1197\/revisions"}],"predecessor-version":[{"id":1203,"href":"http:\/\/www.musikschule-quickborn.de\/index.php?rest_route=\/wp\/v2\/posts\/1197\/revisions\/1203"}],"wp:attachment":[{"href":"http:\/\/www.musikschule-quickborn.de\/index.php?rest_route=%2Fwp%2Fv2%2Fmedia&parent=1197"}],"wp:term":[{"taxonomy":"category","embeddable":true,"href":"http:\/\/www.musikschule-quickborn.de\/index.php?rest_route=%2Fwp%2Fv2%2Fcategories&post=1197"},{"taxonomy":"post_tag","embeddable":true,"href":"http:\/\/www.musikschule-quickborn.de\/index.php?rest_route=%2Fwp%2Fv2%2Ftags&post=1197"}],"curies":[{"name":"wp","href":"https:\/\/api.w.org\/{rel}","templated":true}]}}