{"id":1173,"date":"2021-11-18T09:38:41","date_gmt":"2021-11-18T09:38:41","guid":{"rendered":"http:\/\/www.musikschule-quickborn.de\/?p=1173"},"modified":"2021-11-18T09:54:37","modified_gmt":"2021-11-18T09:54:37","slug":"herzliche-einladung-zum-adventskonzert-der-musikschule-am-27-11-2021","status":"publish","type":"post","link":"http:\/\/www.musikschule-quickborn.de\/?p=1173","title":{"rendered":"Herzliche Einladung zum Adventskonzert der Musikschule am 27.11.2021"},"content":{"rendered":"\n<p>Schon im letzten Jahr war es f\u00fcr die Adventszeit geplant:  unser Adventskonzert mit Instrumental- und Gesangssolisten, begleitet vom Orchester der Musikschule. Mit barocken Kl\u00e4nge von William Boyce, Johann Pachelbel und Johann Sebastian Bach wird das festliche Konzert er\u00f6ffnet. Danach werden Werke von Wolfgang Amadeus Mozart, Ludwig van Beethoven, Franz Liszt und Ludwig Milde zu h\u00f6ren sein. Weihnachtslieder in Vertonungen von Artur Grenz und Anna Milewska runden das Programm ab. <\/p>\n\n\n\n<figure class=\"wp-block-image size-large is-resized\"><a href=\"http:\/\/www.musikschule-quickborn.de\/wp-content\/uploads\/2021\/11\/Plakat-Adventskonzert-2021k-scaled.jpg\"><img loading=\"lazy\" src=\"http:\/\/www.musikschule-quickborn.de\/wp-content\/uploads\/2021\/11\/Plakat-Adventskonzert-2021k-724x1024.jpg\" alt=\"\" class=\"wp-image-1183\" width=\"316\" height=\"447\" srcset=\"http:\/\/www.musikschule-quickborn.de\/wp-content\/uploads\/2021\/11\/Plakat-Adventskonzert-2021k-724x1024.jpg 724w, http:\/\/www.musikschule-quickborn.de\/wp-content\/uploads\/2021\/11\/Plakat-Adventskonzert-2021k-212x300.jpg 212w, http:\/\/www.musikschule-quickborn.de\/wp-content\/uploads\/2021\/11\/Plakat-Adventskonzert-2021k-768x1087.jpg 768w, http:\/\/www.musikschule-quickborn.de\/wp-content\/uploads\/2021\/11\/Plakat-Adventskonzert-2021k-1085x1536.jpg 1085w, http:\/\/www.musikschule-quickborn.de\/wp-content\/uploads\/2021\/11\/Plakat-Adventskonzert-2021k-1447x2048.jpg 1447w, http:\/\/www.musikschule-quickborn.de\/wp-content\/uploads\/2021\/11\/Plakat-Adventskonzert-2021k-scaled.jpg 1809w\" sizes=\"(max-width: 316px) 100vw, 316px\" \/><\/a><\/figure>\n\n\n\n<p>Neben einigen Lehrkr\u00e4ften der Musikschule treten folgende Sch\u00fcler als Instrumentalsolisten auf: Vanessa Prie\u00df (Trompete), Torsten B\u00fchrmann (Fagott), Alexander Hatje und Jannis Gragert (Klavier).   <\/p>\n\n\n\n<p>Nat\u00fcrlich hat das Orchester nicht nur Begleitfunktion.  So tritt es besonders in Pachelbels Kanon, Bachs Choralvorspiel &#8222;Wachet auf&#8220; und in dem Allegretto aus der 7. Sinfonie von Beethoven in den Vordergrund. <\/p>\n\n\n\n<p>Die Veranstaltung im Artur-Grenz-Saal beginnt um 17.00 Uhr unter der dann g\u00fcltigen Landesverordnung. Wir gehen zum jetzigen Zeitpunkt von einer 2G-Regelung aus. Der Eintritt ist frei.<\/p>\n","protected":false},"excerpt":{"rendered":"<p>Schon im letzten Jahr war es f\u00fcr die Adventszeit geplant: unser Adventskonzert mit Instrumental- und Gesangssolisten, begleitet vom Orchester der Musikschule. Mit barocken Kl\u00e4nge von William Boyce, Johann Pachelbel und Johann Sebastian Bach wird das festliche Konzert er\u00f6ffnet. Danach werden Werke von Wolfgang Amadeus Mozart, Ludwig van Beethoven, Franz Liszt und Ludwig Milde zu h\u00f6ren [&hellip;]<\/p>\n","protected":false},"author":1,"featured_media":0,"comment_status":"closed","ping_status":"open","sticky":false,"template":"","format":"standard","meta":[],"categories":[1],"tags":[],"_links":{"self":[{"href":"http:\/\/www.musikschule-quickborn.de\/index.php?rest_route=\/wp\/v2\/posts\/1173"}],"collection":[{"href":"http:\/\/www.musikschule-quickborn.de\/index.php?rest_route=\/wp\/v2\/posts"}],"about":[{"href":"http:\/\/www.musikschule-quickborn.de\/index.php?rest_route=\/wp\/v2\/types\/post"}],"author":[{"embeddable":true,"href":"http:\/\/www.musikschule-quickborn.de\/index.php?rest_route=\/wp\/v2\/users\/1"}],"replies":[{"embeddable":true,"href":"http:\/\/www.musikschule-quickborn.de\/index.php?rest_route=%2Fwp%2Fv2%2Fcomments&post=1173"}],"version-history":[{"count":8,"href":"http:\/\/www.musikschule-quickborn.de\/index.php?rest_route=\/wp\/v2\/posts\/1173\/revisions"}],"predecessor-version":[{"id":1187,"href":"http:\/\/www.musikschule-quickborn.de\/index.php?rest_route=\/wp\/v2\/posts\/1173\/revisions\/1187"}],"wp:attachment":[{"href":"http:\/\/www.musikschule-quickborn.de\/index.php?rest_route=%2Fwp%2Fv2%2Fmedia&parent=1173"}],"wp:term":[{"taxonomy":"category","embeddable":true,"href":"http:\/\/www.musikschule-quickborn.de\/index.php?rest_route=%2Fwp%2Fv2%2Fcategories&post=1173"},{"taxonomy":"post_tag","embeddable":true,"href":"http:\/\/www.musikschule-quickborn.de\/index.php?rest_route=%2Fwp%2Fv2%2Ftags&post=1173"}],"curies":[{"name":"wp","href":"https:\/\/api.w.org\/{rel}","templated":true}]}}