{"id":1165,"date":"2021-10-18T09:34:17","date_gmt":"2021-10-18T09:34:17","guid":{"rendered":"http:\/\/www.musikschule-quickborn.de\/?p=1165"},"modified":"2021-10-18T09:34:19","modified_gmt":"2021-10-18T09:34:19","slug":"viel-musik-am-letzten-oktoberwochenende","status":"publish","type":"post","link":"http:\/\/www.musikschule-quickborn.de\/?p=1165","title":{"rendered":"Viel Musik am letzten Oktoberwochenende!"},"content":{"rendered":"\n<p>Gleich mehrere Veranstaltungen, die corona-bedingt verschoben werden mussten, finden am Wochenende 29.-31.10.2021 statt (mit 3G-Nachweis):<\/p>\n\n\n\n<p><strong>Familienkonzert &#8222;Josa mit der Zauberfiedel&#8220; am Freitag, den 29.10.2021 um 16.00 Uhr im Artur-Grenz-Saal<\/strong><\/p>\n\n\n\n<figure class=\"wp-block-image size-large is-resized\"><a href=\"http:\/\/www.musikschule-quickborn.de\/wp-content\/uploads\/2021\/10\/Josa-Plakat-1-scaled.jpg\"><img loading=\"lazy\" src=\"http:\/\/www.musikschule-quickborn.de\/wp-content\/uploads\/2021\/10\/Josa-Plakat-1-728x1024.jpg\" alt=\"\" class=\"wp-image-1169\" width=\"232\" height=\"326\" srcset=\"http:\/\/www.musikschule-quickborn.de\/wp-content\/uploads\/2021\/10\/Josa-Plakat-1-728x1024.jpg 728w, http:\/\/www.musikschule-quickborn.de\/wp-content\/uploads\/2021\/10\/Josa-Plakat-1-213x300.jpg 213w, http:\/\/www.musikschule-quickborn.de\/wp-content\/uploads\/2021\/10\/Josa-Plakat-1-768x1080.jpg 768w, http:\/\/www.musikschule-quickborn.de\/wp-content\/uploads\/2021\/10\/Josa-Plakat-1-1092x1536.jpg 1092w, http:\/\/www.musikschule-quickborn.de\/wp-content\/uploads\/2021\/10\/Josa-Plakat-1-1456x2048.jpg 1456w, http:\/\/www.musikschule-quickborn.de\/wp-content\/uploads\/2021\/10\/Josa-Plakat-1-scaled.jpg 1820w\" sizes=\"(max-width: 232px) 100vw, 232px\" \/><\/a><\/figure>\n\n\n\n<p>Der alte K\u00f6hler Jeromir und sein Sohn Josa sind eigentlich die gl\u00fccklichsten Menschen auf Erden, wenn da nicht dieses eine Problem w\u00e4re: Der Josa ist viel zu klein und schwach, um K\u00f6hler zu werden wie sein Vater. Aber er kann etwas anderes: Mit seiner Zauberfiedel kann er Dinge gr\u00f6\u00dfer und kleiner werden lassen. Josa macht sich auf, um den Mond zu suchen und erlebt viele Abenteuer.<\/p>\n\n\n\n<p>Das Kinderbuch von Janosch wurde von Wilfrid Hiller kongenial vertont, und zwar f\u00fcr die Besetzung Violine, Schlagwerk, Klavier sowie Sprecher. Das mehrfach ausgezeichnete St\u00fcck wird gespielt von den Bundespreistr\u00e4gern &#8222;Jugend musiziert&#8220; Nath-Minh Duong (Violine) und Jannis Demmig (Schlagwerk). Den Klavierpart \u00fcbernimmt Eberhard Hasenfratz; erz\u00e4hlt wird die Geschichte von Lorenz Jensen.<\/p>\n\n\n\n<p><em>Eintrittskarten an der Abendkasse, Reservierung per E-Mail unter info@musikschule-quickborn.de m\u00f6glich.<\/em><\/p>\n\n\n\n<p><strong>Musikalische Lesung mit Heide Sommer am Sonnabend, den 30.10.2021 um 19.00 Uhr im Artur-Grenz-Saal<\/strong><\/p>\n\n\n\n<p>Der Lions-Club Quickborn l\u00e4dt zu dieser Veranstaltung ein, die von Lehrkr\u00e4ften und FreundInnen der Musikschule musikalisch begleitet wird. Ausf\u00fchrliche Informationen hierzu finden Sie unter https:\/\/lionsquickborn.de\/<\/p>\n\n\n\n<p><\/p>\n\n\n\n<p><\/p>\n\n\n\n<div class=\"wp-block-image\"><figure class=\"alignright is-resized\"><img loading=\"lazy\" src=\"https:\/\/image.jimcdn.com\/app\/cms\/image\/transf\/none\/path\/sc078e9255dfa9963\/image\/i26cb913b3d4d3cd4\/version\/1633263240\/image.png\" alt=\"\" width=\"192\" height=\"272\"\/><\/figure><\/div>\n\n\n\n<p><strong>Konzert op[ku] am Sonntag, den 31.10.2021 um 17.00 Uhr im DBGQ<\/strong><\/p>\n\n\n\n<p>Auf seiner Homepage schreibt das op[ku]: <\/p>\n\n\n\n<p>Wir freuen uns unglaublich auf euch und unser erstes Konzert nach der Corona-Pause. Wir bereiten im Oktober an einem \u00dcbungswochenende ein vielseitiges Konzertprogramm vor, das wir euch eine Woche sp\u00e4ter pr\u00e4sentieren.<\/p>\n\n\n\n<p><\/p>\n\n\n\n<p><\/p>\n","protected":false},"excerpt":{"rendered":"<p>Gleich mehrere Veranstaltungen, die corona-bedingt verschoben werden mussten, finden am Wochenende 29.-31.10.2021 statt (mit 3G-Nachweis): Familienkonzert &#8222;Josa mit der Zauberfiedel&#8220; am Freitag, den 29.10.2021 um 16.00 Uhr im Artur-Grenz-Saal Der alte K\u00f6hler Jeromir und sein Sohn Josa sind eigentlich die gl\u00fccklichsten Menschen auf Erden, wenn da nicht dieses eine Problem w\u00e4re: Der Josa ist viel [&hellip;]<\/p>\n","protected":false},"author":1,"featured_media":1167,"comment_status":"closed","ping_status":"open","sticky":false,"template":"","format":"standard","meta":[],"categories":[1],"tags":[],"_links":{"self":[{"href":"http:\/\/www.musikschule-quickborn.de\/index.php?rest_route=\/wp\/v2\/posts\/1165"}],"collection":[{"href":"http:\/\/www.musikschule-quickborn.de\/index.php?rest_route=\/wp\/v2\/posts"}],"about":[{"href":"http:\/\/www.musikschule-quickborn.de\/index.php?rest_route=\/wp\/v2\/types\/post"}],"author":[{"embeddable":true,"href":"http:\/\/www.musikschule-quickborn.de\/index.php?rest_route=\/wp\/v2\/users\/1"}],"replies":[{"embeddable":true,"href":"http:\/\/www.musikschule-quickborn.de\/index.php?rest_route=%2Fwp%2Fv2%2Fcomments&post=1165"}],"version-history":[{"count":3,"href":"http:\/\/www.musikschule-quickborn.de\/index.php?rest_route=\/wp\/v2\/posts\/1165\/revisions"}],"predecessor-version":[{"id":1171,"href":"http:\/\/www.musikschule-quickborn.de\/index.php?rest_route=\/wp\/v2\/posts\/1165\/revisions\/1171"}],"wp:featuredmedia":[{"embeddable":true,"href":"http:\/\/www.musikschule-quickborn.de\/index.php?rest_route=\/wp\/v2\/media\/1167"}],"wp:attachment":[{"href":"http:\/\/www.musikschule-quickborn.de\/index.php?rest_route=%2Fwp%2Fv2%2Fmedia&parent=1165"}],"wp:term":[{"taxonomy":"category","embeddable":true,"href":"http:\/\/www.musikschule-quickborn.de\/index.php?rest_route=%2Fwp%2Fv2%2Fcategories&post=1165"},{"taxonomy":"post_tag","embeddable":true,"href":"http:\/\/www.musikschule-quickborn.de\/index.php?rest_route=%2Fwp%2Fv2%2Ftags&post=1165"}],"curies":[{"name":"wp","href":"https:\/\/api.w.org\/{rel}","templated":true}]}}