{"id":1150,"date":"2021-09-09T08:46:08","date_gmt":"2021-09-09T08:46:08","guid":{"rendered":"http:\/\/www.musikschule-quickborn.de\/?p=1150"},"modified":"2021-09-09T08:46:10","modified_gmt":"2021-09-09T08:46:10","slug":"das-eulenfest-2021-mit-der-musikschule","status":"publish","type":"post","link":"http:\/\/www.musikschule-quickborn.de\/?p=1150","title":{"rendered":"Das Eulenfest 2021 mit der Musikschule"},"content":{"rendered":"\n<p>Wir freuen uns, auf dem Eulenfest 2021 dabei zu sein, nachdem es letztes Jahr ausfallen musste. Am Freitag, den 17.09. werden die GreenHorns nach langer Zeit wieder  ein \u00f6ffentliches Konzert geben. Das &#8222;Best of&#8220; der GreenHorns beginnt um 18.30 Uhr, bei gutem Wetter open air vor der Comeniusschule, bei Regen im Artur-Grenz-Saal. (Bei der Schlechtwetter-Alternative ist die Einhaltung der 3G-Regelung unbedingt erforderlich; entsprechende Nachweise bitte mitbringen.)<\/p>\n\n\n\n<p>Die GreenHorns pr\u00e4sentieren an diesem Abend ihre Lieblingstitel in der gewohnten Bandbreite von Schlagern der 20er Jahre bis hin zu aktuellen Soul-St\u00fccken.<\/p>\n\n\n\n<figure class=\"wp-block-image size-medium\"><a href=\"http:\/\/www.musikschule-quickborn.de\/wp-content\/uploads\/2021\/09\/Final-Plakat-17.09.-Greenhorns-scaled.jpg\"><img loading=\"lazy\" width=\"212\" height=\"300\" src=\"http:\/\/www.musikschule-quickborn.de\/wp-content\/uploads\/2021\/09\/Final-Plakat-17.09.-Greenhorns-212x300.jpg\" alt=\"\" class=\"wp-image-1148\" srcset=\"http:\/\/www.musikschule-quickborn.de\/wp-content\/uploads\/2021\/09\/Final-Plakat-17.09.-Greenhorns-212x300.jpg 212w, http:\/\/www.musikschule-quickborn.de\/wp-content\/uploads\/2021\/09\/Final-Plakat-17.09.-Greenhorns-724x1024.jpg 724w, http:\/\/www.musikschule-quickborn.de\/wp-content\/uploads\/2021\/09\/Final-Plakat-17.09.-Greenhorns-768x1086.jpg 768w, http:\/\/www.musikschule-quickborn.de\/wp-content\/uploads\/2021\/09\/Final-Plakat-17.09.-Greenhorns-1086x1536.jpg 1086w, http:\/\/www.musikschule-quickborn.de\/wp-content\/uploads\/2021\/09\/Final-Plakat-17.09.-Greenhorns-1448x2048.jpg 1448w, http:\/\/www.musikschule-quickborn.de\/wp-content\/uploads\/2021\/09\/Final-Plakat-17.09.-Greenhorns-scaled.jpg 1810w\" sizes=\"(max-width: 212px) 100vw, 212px\" \/><\/a><\/figure>\n\n\n\n<p>Der Eulenmarkt findet in diesem Jahr ausnahmsweise am Sonntag statt. Am 19.09. werden wir an unserem gewohnten Standort auf dem Freibadgel\u00e4nde von 11-17.00 Uhr Kaffee, Kuchen und Informationen anbieten. Auf einer kleinen B\u00fchne wird von 14.00-16.00 Uhr Live-Musik von Sch\u00fclerInnen und LehrerInnen der Musikschule zu h\u00f6ren sein. Verschiedene Ensembles wie z.B. Drum-Experience 2.0 und unsere Streicher sowie Instrumental- und Gesangs-Solisten haben ein abwechslungsreiches Programm vorbereitet. Nur bei ganz schlechtem Wetter f\u00e4llt die Veranstaltung aus.<\/p>\n","protected":false},"excerpt":{"rendered":"<p>Wir freuen uns, auf dem Eulenfest 2021 dabei zu sein, nachdem es letztes Jahr ausfallen musste. Am Freitag, den 17.09. werden die GreenHorns nach langer Zeit wieder ein \u00f6ffentliches Konzert geben. Das &#8222;Best of&#8220; der GreenHorns beginnt um 18.30 Uhr, bei gutem Wetter open air vor der Comeniusschule, bei Regen im Artur-Grenz-Saal. (Bei der Schlechtwetter-Alternative [&hellip;]<\/p>\n","protected":false},"author":1,"featured_media":0,"comment_status":"closed","ping_status":"open","sticky":false,"template":"","format":"standard","meta":[],"categories":[1],"tags":[],"_links":{"self":[{"href":"http:\/\/www.musikschule-quickborn.de\/index.php?rest_route=\/wp\/v2\/posts\/1150"}],"collection":[{"href":"http:\/\/www.musikschule-quickborn.de\/index.php?rest_route=\/wp\/v2\/posts"}],"about":[{"href":"http:\/\/www.musikschule-quickborn.de\/index.php?rest_route=\/wp\/v2\/types\/post"}],"author":[{"embeddable":true,"href":"http:\/\/www.musikschule-quickborn.de\/index.php?rest_route=\/wp\/v2\/users\/1"}],"replies":[{"embeddable":true,"href":"http:\/\/www.musikschule-quickborn.de\/index.php?rest_route=%2Fwp%2Fv2%2Fcomments&post=1150"}],"version-history":[{"count":1,"href":"http:\/\/www.musikschule-quickborn.de\/index.php?rest_route=\/wp\/v2\/posts\/1150\/revisions"}],"predecessor-version":[{"id":1151,"href":"http:\/\/www.musikschule-quickborn.de\/index.php?rest_route=\/wp\/v2\/posts\/1150\/revisions\/1151"}],"wp:attachment":[{"href":"http:\/\/www.musikschule-quickborn.de\/index.php?rest_route=%2Fwp%2Fv2%2Fmedia&parent=1150"}],"wp:term":[{"taxonomy":"category","embeddable":true,"href":"http:\/\/www.musikschule-quickborn.de\/index.php?rest_route=%2Fwp%2Fv2%2Fcategories&post=1150"},{"taxonomy":"post_tag","embeddable":true,"href":"http:\/\/www.musikschule-quickborn.de\/index.php?rest_route=%2Fwp%2Fv2%2Ftags&post=1150"}],"curies":[{"name":"wp","href":"https:\/\/api.w.org\/{rel}","templated":true}]}}