{"id":1090,"date":"2020-09-17T08:14:17","date_gmt":"2020-09-17T08:14:17","guid":{"rendered":"http:\/\/www.musikschule-quickborn.de\/?p=1090"},"modified":"2020-09-17T08:14:17","modified_gmt":"2020-09-17T08:14:17","slug":"unsere-foerderpreistraeger-2020-wir-gratulieren","status":"publish","type":"post","link":"http:\/\/www.musikschule-quickborn.de\/?p=1090","title":{"rendered":"Unsere F\u00f6rderpreistr\u00e4ger 2020 &#8211; wir gratulieren!"},"content":{"rendered":"<p><a href=\"http:\/\/www.musikschule-quickborn.de\/?attachment_id=1091\" rel=\"attachment wp-att-1091\"><img loading=\"lazy\" class=\" wp-image-1091 alignright\" src=\"http:\/\/www.musikschule-quickborn.de\/wp-content\/uploads\/2020\/09\/Vanessa-F\u00f6rderpreis-2-275x300.jpg\" alt=\"\" width=\"232\" height=\"253\" srcset=\"http:\/\/www.musikschule-quickborn.de\/wp-content\/uploads\/2020\/09\/Vanessa-F\u00f6rderpreis-2-275x300.jpg 275w, http:\/\/www.musikschule-quickborn.de\/wp-content\/uploads\/2020\/09\/Vanessa-F\u00f6rderpreis-2-768x838.jpg 768w, http:\/\/www.musikschule-quickborn.de\/wp-content\/uploads\/2020\/09\/Vanessa-F\u00f6rderpreis-2-938x1024.jpg 938w\" sizes=\"(max-width: 232px) 100vw, 232px\" \/><\/a><a href=\"http:\/\/www.musikschule-quickborn.de\/?attachment_id=1045\" rel=\"attachment wp-att-1045\"><img loading=\"lazy\" class=\"alignleft  wp-image-1045\" src=\"http:\/\/www.musikschule-quickborn.de\/wp-content\/uploads\/2020\/01\/20200117_175429-2-300x252.jpg\" alt=\"\" width=\"256\" height=\"215\" srcset=\"http:\/\/www.musikschule-quickborn.de\/wp-content\/uploads\/2020\/01\/20200117_175429-2-300x252.jpg 300w, http:\/\/www.musikschule-quickborn.de\/wp-content\/uploads\/2020\/01\/20200117_175429-2-768x646.jpg 768w, http:\/\/www.musikschule-quickborn.de\/wp-content\/uploads\/2020\/01\/20200117_175429-2-1024x861.jpg 1024w\" sizes=\"(max-width: 256px) 100vw, 256px\" \/><\/a><\/p>\n<p>Das Auswahl-Vorspiel sollte urspr\u00fcnglich im M\u00e4rz stattfinden &#8211; nun endlich konnte es nachgeholt werden und die beiden Preistr\u00e4ger stehen fest: Der diesj\u00e4hrige F\u00f6rderpreis der Stadt Quickborn f\u00fcr jugendliche Musikaus\u00fcbende geht an Vanessa Prie\u00df, Trompete (Lehrkraft: Lorenz Jensen), und Jannis Gragert, Klavier (Lehrkraft: Ritsuko Riedl). Beide erhalten ihren Unterricht an unserer Musikschule.<\/p>\n<p>Vanessa \u00fcberzeugte die Jury mit St\u00fccken von Pietro Baldassari, Guillaume Balay sowie dem Jazz-Standard &#8222;Giorgia on my mind&#8220;. Jannis pr\u00e4sentierte erfolgreich Bachs Italienisches Konzert und Beethovens Sonate op. 2 Nr. 1. Aufgrund der gezeigten Leistungen wurde beiden Instrumentalisten ein erster Preis zuerkannt.<\/p>\n<p>Der F\u00f6rderpreis wird voraussichtlich im Rahmen des Adventskonzertes der Musikschule am Samstag, den 28.11. 2020 verliehen. Das Preistr\u00e4gerkonzert ist f\u00fcr Mittwoch, den 28. April 2021 geplant.<\/p>\n<p>&nbsp;<\/p>\n","protected":false},"excerpt":{"rendered":"<p>Das Auswahl-Vorspiel sollte urspr\u00fcnglich im M\u00e4rz stattfinden &#8211; nun endlich konnte es nachgeholt werden und die beiden Preistr\u00e4ger stehen fest: Der diesj\u00e4hrige F\u00f6rderpreis der Stadt Quickborn f\u00fcr jugendliche Musikaus\u00fcbende geht an Vanessa Prie\u00df, Trompete (Lehrkraft: Lorenz Jensen), und Jannis Gragert, Klavier (Lehrkraft: Ritsuko Riedl). Beide erhalten ihren Unterricht an unserer Musikschule. Vanessa \u00fcberzeugte die Jury [&hellip;]<\/p>\n","protected":false},"author":1,"featured_media":0,"comment_status":"closed","ping_status":"open","sticky":false,"template":"","format":"standard","meta":[],"categories":[1],"tags":[],"_links":{"self":[{"href":"http:\/\/www.musikschule-quickborn.de\/index.php?rest_route=\/wp\/v2\/posts\/1090"}],"collection":[{"href":"http:\/\/www.musikschule-quickborn.de\/index.php?rest_route=\/wp\/v2\/posts"}],"about":[{"href":"http:\/\/www.musikschule-quickborn.de\/index.php?rest_route=\/wp\/v2\/types\/post"}],"author":[{"embeddable":true,"href":"http:\/\/www.musikschule-quickborn.de\/index.php?rest_route=\/wp\/v2\/users\/1"}],"replies":[{"embeddable":true,"href":"http:\/\/www.musikschule-quickborn.de\/index.php?rest_route=%2Fwp%2Fv2%2Fcomments&post=1090"}],"version-history":[{"count":4,"href":"http:\/\/www.musikschule-quickborn.de\/index.php?rest_route=\/wp\/v2\/posts\/1090\/revisions"}],"predecessor-version":[{"id":1095,"href":"http:\/\/www.musikschule-quickborn.de\/index.php?rest_route=\/wp\/v2\/posts\/1090\/revisions\/1095"}],"wp:attachment":[{"href":"http:\/\/www.musikschule-quickborn.de\/index.php?rest_route=%2Fwp%2Fv2%2Fmedia&parent=1090"}],"wp:term":[{"taxonomy":"category","embeddable":true,"href":"http:\/\/www.musikschule-quickborn.de\/index.php?rest_route=%2Fwp%2Fv2%2Fcategories&post=1090"},{"taxonomy":"post_tag","embeddable":true,"href":"http:\/\/www.musikschule-quickborn.de\/index.php?rest_route=%2Fwp%2Fv2%2Ftags&post=1090"}],"curies":[{"name":"wp","href":"https:\/\/api.w.org\/{rel}","templated":true}]}}