{"id":1083,"date":"2020-06-17T08:00:16","date_gmt":"2020-06-17T08:00:16","guid":{"rendered":"http:\/\/www.musikschule-quickborn.de\/?p=1083"},"modified":"2020-06-17T08:00:16","modified_gmt":"2020-06-17T08:00:16","slug":"rueckkehr-zur-normalitaet","status":"publish","type":"post","link":"http:\/\/www.musikschule-quickborn.de\/?p=1083","title":{"rendered":"R\u00fcckkehr zur Normalit\u00e4t"},"content":{"rendered":"<p>Fast geschafft &#8211; seit Mitte Mai konnte nach und nach der Pr\u00e4senzunterricht wieder aufgenommen werden, zun\u00e4chst nur als Einzelunterricht, seit letzter Woche auch in Kleingruppen. Ausgenommen sind bisher nur Aktivit\u00e4ten in geschlossenen R\u00e4umen, bei denen mehr als eine Person singt oder ein Blasinstrument spielt. Gl\u00fccklicherweise bekamen wir die Erlaubnis, den \u00fcberdachten Innenhof der Goetheschule zu nutzen, so dass z.B. die MFE-Gruppen und Satzproben der Greenhorns im Freien stattfinden k\u00f6nnen. Wir hoffen, dass wir im August unser volles Programm in gewohnter Weise anbieten und durchf\u00fchren k\u00f6nnen. Bis dahin w\u00fcnschen wir allen Sch\u00fclerinnen und Sch\u00fclern, Eltern und Lehrkr\u00e4ften entspannte Sommerferien und gute Erholung! Nochmals danken wir Allen f\u00fcr die Geduld und die Kooperation in den letzten Monaten!<\/p>\n","protected":false},"excerpt":{"rendered":"<p>Fast geschafft &#8211; seit Mitte Mai konnte nach und nach der Pr\u00e4senzunterricht wieder aufgenommen werden, zun\u00e4chst nur als Einzelunterricht, seit letzter Woche auch in Kleingruppen. Ausgenommen sind bisher nur Aktivit\u00e4ten in geschlossenen R\u00e4umen, bei denen mehr als eine Person singt oder ein Blasinstrument spielt. Gl\u00fccklicherweise bekamen wir die Erlaubnis, den \u00fcberdachten Innenhof der Goetheschule zu [&hellip;]<\/p>\n","protected":false},"author":1,"featured_media":0,"comment_status":"closed","ping_status":"open","sticky":false,"template":"","format":"standard","meta":[],"categories":[1],"tags":[],"_links":{"self":[{"href":"http:\/\/www.musikschule-quickborn.de\/index.php?rest_route=\/wp\/v2\/posts\/1083"}],"collection":[{"href":"http:\/\/www.musikschule-quickborn.de\/index.php?rest_route=\/wp\/v2\/posts"}],"about":[{"href":"http:\/\/www.musikschule-quickborn.de\/index.php?rest_route=\/wp\/v2\/types\/post"}],"author":[{"embeddable":true,"href":"http:\/\/www.musikschule-quickborn.de\/index.php?rest_route=\/wp\/v2\/users\/1"}],"replies":[{"embeddable":true,"href":"http:\/\/www.musikschule-quickborn.de\/index.php?rest_route=%2Fwp%2Fv2%2Fcomments&post=1083"}],"version-history":[{"count":1,"href":"http:\/\/www.musikschule-quickborn.de\/index.php?rest_route=\/wp\/v2\/posts\/1083\/revisions"}],"predecessor-version":[{"id":1084,"href":"http:\/\/www.musikschule-quickborn.de\/index.php?rest_route=\/wp\/v2\/posts\/1083\/revisions\/1084"}],"wp:attachment":[{"href":"http:\/\/www.musikschule-quickborn.de\/index.php?rest_route=%2Fwp%2Fv2%2Fmedia&parent=1083"}],"wp:term":[{"taxonomy":"category","embeddable":true,"href":"http:\/\/www.musikschule-quickborn.de\/index.php?rest_route=%2Fwp%2Fv2%2Fcategories&post=1083"},{"taxonomy":"post_tag","embeddable":true,"href":"http:\/\/www.musikschule-quickborn.de\/index.php?rest_route=%2Fwp%2Fv2%2Ftags&post=1083"}],"curies":[{"name":"wp","href":"https:\/\/api.w.org\/{rel}","templated":true}]}}