{"id":1076,"date":"2020-04-27T07:59:38","date_gmt":"2020-04-27T07:59:38","guid":{"rendered":"http:\/\/www.musikschule-quickborn.de\/?p=1076"},"modified":"2020-04-27T07:59:38","modified_gmt":"2020-04-27T07:59:38","slug":"digitaler-start-nach-den-osterferien","status":"publish","type":"post","link":"http:\/\/www.musikschule-quickborn.de\/?p=1076","title":{"rendered":"Digitaler Start nach den Osterferien"},"content":{"rendered":"<p>Liebe Sch\u00fclerinnen und Sch\u00fcler, liebe Eltern,<\/p>\n<p><a href=\"http:\/\/www.musikschule-quickborn.de\/?attachment_id=1077\" rel=\"attachment wp-att-1077\"><img loading=\"lazy\" class=\"alignleft size-medium wp-image-1077\" src=\"http:\/\/www.musikschule-quickborn.de\/wp-content\/uploads\/2020\/04\/Unterricht-digital-300x169.jpg\" alt=\"\" width=\"300\" height=\"169\" srcset=\"http:\/\/www.musikschule-quickborn.de\/wp-content\/uploads\/2020\/04\/Unterricht-digital-300x169.jpg 300w, http:\/\/www.musikschule-quickborn.de\/wp-content\/uploads\/2020\/04\/Unterricht-digital-768x432.jpg 768w, http:\/\/www.musikschule-quickborn.de\/wp-content\/uploads\/2020\/04\/Unterricht-digital-1024x576.jpg 1024w\" sizes=\"(max-width: 300px) 100vw, 300px\" \/><\/a>da zur Zeit noch kein Pr\u00e4senz-Unterricht erteilt werden darf, haben wir in der vergangenen Woche auf digitale Unterrichtsformen umgestellt. Damit dies m\u00f6glichst reibungslos funktioniert, wurden die Osterferien f\u00fcr verschiedene technische Probel\u00e4ufe genutzt. Nicht zuletzt durch die gute Kommunikation zwischen Sch\u00fclern, Eltern und Lehrkr\u00e4ften haben wir fast den gesamten Einzelunterricht schon auf diese Weise geben k\u00f6nnen. Allen Beteiligten daf\u00fcr ein herzliches Dankesch\u00f6n! Gleichzeitig arbeiten wir nat\u00fcrlich daran, m\u00f6glichst bald den &#8222;normalen&#8220; Unterricht wieder aufnehmen zu d\u00fcrfen. Gespr\u00e4che auf allen Ebenen sind dazu im Gange.<\/p>\n<p>Leider ist nicht damit zu rechnen, dass die Bereiche Ensembles, Big Band, Orchester, Orientierungsunterricht und Musikalische Fr\u00fcherziehung kurzfristig wieder wie gewohnt stattfinden k\u00f6nnen. Daher werden wir im Monat Mai f\u00fcr diese Gruppen keine Geb\u00fchren in Rechnung stellen.\u00a0 Unabh\u00e4ngig davon sind auch hier Konzepte f\u00fcr den digitalen Unterricht in Arbeit. Wir halten Sie\/Euch auf dem Laufenden.<\/p>\n<p>F\u00fcr die erste Jahresh\u00e4lfte geplante Projekte und Konzerttermine haben wir in die zweite Jahresh\u00e4lfte bzw. in das Jahr 2021 verlegt.<\/p>\n<p>Abschlie\u00dfend noch eine Bitte: Wir hatten Sie zwischenzeitlich per E-Mail bzw. per Brief informiert. Sollten Sie nichts erhalten haben, setzen Sie sich bitte mit uns in Verbindung, damit wir Ihre Kontaktdaten aktualisieren k\u00f6nnen.<\/p>\n<p>Wir freuen uns auf die R\u00fcckkehr zur Normalit\u00e4t!<\/p>\n<p>Henning Meyn, 1. Vorsitzender\u00a0\u00a0\u00a0\u00a0\u00a0\u00a0\u00a0\u00a0\u00a0\u00a0\u00a0\u00a0\u00a0\u00a0\u00a0\u00a0\u00a0\u00a0\u00a0\u00a0\u00a0\u00a0\u00a0\u00a0\u00a0\u00a0\u00a0\u00a0\u00a0\u00a0\u00a0\u00a0\u00a0 Lorenz Jensen, Musikschulleiter<\/p>\n<p><span style=\"color: #000000;\"><span style=\"font-family: Arial, serif;\">\u00a0<\/span><\/span><\/p>\n","protected":false},"excerpt":{"rendered":"<p>Liebe Sch\u00fclerinnen und Sch\u00fcler, liebe Eltern, da zur Zeit noch kein Pr\u00e4senz-Unterricht erteilt werden darf, haben wir in der vergangenen Woche auf digitale Unterrichtsformen umgestellt. Damit dies m\u00f6glichst reibungslos funktioniert, wurden die Osterferien f\u00fcr verschiedene technische Probel\u00e4ufe genutzt. Nicht zuletzt durch die gute Kommunikation zwischen Sch\u00fclern, Eltern und Lehrkr\u00e4ften haben wir fast den gesamten Einzelunterricht [&hellip;]<\/p>\n","protected":false},"author":1,"featured_media":0,"comment_status":"closed","ping_status":"open","sticky":false,"template":"","format":"standard","meta":[],"categories":[1],"tags":[],"_links":{"self":[{"href":"http:\/\/www.musikschule-quickborn.de\/index.php?rest_route=\/wp\/v2\/posts\/1076"}],"collection":[{"href":"http:\/\/www.musikschule-quickborn.de\/index.php?rest_route=\/wp\/v2\/posts"}],"about":[{"href":"http:\/\/www.musikschule-quickborn.de\/index.php?rest_route=\/wp\/v2\/types\/post"}],"author":[{"embeddable":true,"href":"http:\/\/www.musikschule-quickborn.de\/index.php?rest_route=\/wp\/v2\/users\/1"}],"replies":[{"embeddable":true,"href":"http:\/\/www.musikschule-quickborn.de\/index.php?rest_route=%2Fwp%2Fv2%2Fcomments&post=1076"}],"version-history":[{"count":1,"href":"http:\/\/www.musikschule-quickborn.de\/index.php?rest_route=\/wp\/v2\/posts\/1076\/revisions"}],"predecessor-version":[{"id":1078,"href":"http:\/\/www.musikschule-quickborn.de\/index.php?rest_route=\/wp\/v2\/posts\/1076\/revisions\/1078"}],"wp:attachment":[{"href":"http:\/\/www.musikschule-quickborn.de\/index.php?rest_route=%2Fwp%2Fv2%2Fmedia&parent=1076"}],"wp:term":[{"taxonomy":"category","embeddable":true,"href":"http:\/\/www.musikschule-quickborn.de\/index.php?rest_route=%2Fwp%2Fv2%2Fcategories&post=1076"},{"taxonomy":"post_tag","embeddable":true,"href":"http:\/\/www.musikschule-quickborn.de\/index.php?rest_route=%2Fwp%2Fv2%2Ftags&post=1076"}],"curies":[{"name":"wp","href":"https:\/\/api.w.org\/{rel}","templated":true}]}}