{"id":1071,"date":"2020-03-13T15:02:01","date_gmt":"2020-03-13T15:02:01","guid":{"rendered":"http:\/\/www.musikschule-quickborn.de\/?p=1071"},"modified":"2020-03-13T15:02:01","modified_gmt":"2020-03-13T15:02:01","slug":"wichtig-unterrichtsausfall-ab-14-03-2020","status":"publish","type":"post","link":"http:\/\/www.musikschule-quickborn.de\/?p=1071","title":{"rendered":"Wichtig: Unterrichtsausfall ab 14.03.2020!"},"content":{"rendered":"<p>Liebe Sch\u00fclerinnen und Sch\u00fcler, liebe Eltern,<\/p>\n<p>wie Sie vermutlich schon den Medien entnommen haben, werden in ganz Schleswig-Holstein die Osterferien um zwei Wochen verl\u00e4ngert\/vorverlegt, um pr\u00e4ventiv gegen die Ausbreitung des Corona-Virus vorzugehen bzw. dessen Verbreitung zu verlangsamen.<\/p>\n<p>Von diesem Beschluss ist auch der Unterricht an unserer Musikschule betroffen, der mit dem morgigen Tag (Samstag, 14.03.2020) komplett eingestellt wird. Dies bedauern wir auf der einen Seite sehr, auf der anderen Seite verstehen wir diese Regelung als eine Ma\u00dfnahme zum Schutz der Schw\u00e4chsten der Gesellschaft.<\/p>\n<p>Zum heutigen Zeitpunkt ist es wahrscheinlich, dass die in den n\u00e4chsten zwei Wochen ausfallenden Stunden nicht nachgegeben werden k\u00f6nnen. Daher m\u00f6chten wir von \u00a74.2 unserer Geb\u00fchrenordnung Gebrauch machen, der einen Ausfall von bis zu vier Terminen pro Schulhalbjahr m\u00f6glich macht \u2013was \u00fcbrigens in dieser Form einmalig in der Geschichte unserer Musikschule ist.<\/p>\n<p>Mit diesem Vorgehen m\u00f6chten wir vermeiden, dass unsere Honorarkr\u00e4fte kurzfristig und unverschuldet in finanzielle Schwierigkeiten geraten, zumal diese derzeit auch massive Verdienstausf\u00e4lle durch abgesagte Konzerte etc. zu verkraften haben. Wir hoffen, dass wir den Unterricht am 20.04.2020 wieder aufnehmen k\u00f6nnen.<\/p>\n<p>Wir bitten daher um Ihr Verst\u00e4ndnis und Ihre Solidarit\u00e4t.<\/p>\n<p>Vor allem aber: Bitte bleiben Sie gesund!<\/p>\n<p>Henning Meyn, 1. Vorsitzender\u00a0\u00a0\u00a0\u00a0\u00a0\u00a0\u00a0\u00a0\u00a0\u00a0\u00a0\u00a0\u00a0\u00a0\u00a0\u00a0\u00a0 Lorenz Jensen, Musikschulleiter<\/p>\n<p>&nbsp;<\/p>\n<p>&nbsp;<\/p>\n","protected":false},"excerpt":{"rendered":"<p>Liebe Sch\u00fclerinnen und Sch\u00fcler, liebe Eltern, wie Sie vermutlich schon den Medien entnommen haben, werden in ganz Schleswig-Holstein die Osterferien um zwei Wochen verl\u00e4ngert\/vorverlegt, um pr\u00e4ventiv gegen die Ausbreitung des Corona-Virus vorzugehen bzw. dessen Verbreitung zu verlangsamen. Von diesem Beschluss ist auch der Unterricht an unserer Musikschule betroffen, der mit dem morgigen Tag (Samstag, 14.03.2020) [&hellip;]<\/p>\n","protected":false},"author":1,"featured_media":0,"comment_status":"closed","ping_status":"open","sticky":false,"template":"","format":"standard","meta":[],"categories":[1],"tags":[],"_links":{"self":[{"href":"http:\/\/www.musikschule-quickborn.de\/index.php?rest_route=\/wp\/v2\/posts\/1071"}],"collection":[{"href":"http:\/\/www.musikschule-quickborn.de\/index.php?rest_route=\/wp\/v2\/posts"}],"about":[{"href":"http:\/\/www.musikschule-quickborn.de\/index.php?rest_route=\/wp\/v2\/types\/post"}],"author":[{"embeddable":true,"href":"http:\/\/www.musikschule-quickborn.de\/index.php?rest_route=\/wp\/v2\/users\/1"}],"replies":[{"embeddable":true,"href":"http:\/\/www.musikschule-quickborn.de\/index.php?rest_route=%2Fwp%2Fv2%2Fcomments&post=1071"}],"version-history":[{"count":3,"href":"http:\/\/www.musikschule-quickborn.de\/index.php?rest_route=\/wp\/v2\/posts\/1071\/revisions"}],"predecessor-version":[{"id":1074,"href":"http:\/\/www.musikschule-quickborn.de\/index.php?rest_route=\/wp\/v2\/posts\/1071\/revisions\/1074"}],"wp:attachment":[{"href":"http:\/\/www.musikschule-quickborn.de\/index.php?rest_route=%2Fwp%2Fv2%2Fmedia&parent=1071"}],"wp:term":[{"taxonomy":"category","embeddable":true,"href":"http:\/\/www.musikschule-quickborn.de\/index.php?rest_route=%2Fwp%2Fv2%2Fcategories&post=1071"},{"taxonomy":"post_tag","embeddable":true,"href":"http:\/\/www.musikschule-quickborn.de\/index.php?rest_route=%2Fwp%2Fv2%2Ftags&post=1071"}],"curies":[{"name":"wp","href":"https:\/\/api.w.org\/{rel}","templated":true}]}}