{"id":1040,"date":"2020-01-22T08:53:14","date_gmt":"2020-01-22T08:53:14","guid":{"rendered":"http:\/\/www.musikschule-quickborn.de\/?p=1040"},"modified":"2020-01-28T10:06:13","modified_gmt":"2020-01-28T10:06:13","slug":"eine-runde-weiter","status":"publish","type":"post","link":"http:\/\/www.musikschule-quickborn.de\/?p=1040","title":{"rendered":"Eine Runde weiter&#8230;"},"content":{"rendered":"<p>sind beim diesj\u00e4hrigen Regionalwettbewerb &#8222;Jugend musiziert&#8220; gleich drei Sch\u00fcler unserer Musikschule gekommen. Sie haben einen ersten Preis erhalten und sind zum Landeswettbewerb Mitte M\u00e4rz in L\u00fcbeck weitergeleitet worden. Wir gratulieren herzlich den Preistr\u00e4gerInnen und ihren Lehrkr\u00e4ften:<\/p>\n<p>Vanessa Rudolph (Violine), die im Streicher-Ensemble zusammen mit Alexander Hamborg antrat (Lehrer: Falko Jentsch)<a href=\"http:\/\/www.musikschule-quickborn.de\/?attachment_id=1041\" rel=\"attachment wp-att-1041\"><img loading=\"lazy\" class=\"alignleft size-medium wp-image-1041\" src=\"http:\/\/www.musikschule-quickborn.de\/wp-content\/uploads\/2020\/01\/IMG-20200120-WA0001-293x300.jpg\" alt=\"\" width=\"293\" height=\"300\" srcset=\"http:\/\/www.musikschule-quickborn.de\/wp-content\/uploads\/2020\/01\/IMG-20200120-WA0001-293x300.jpg 293w, http:\/\/www.musikschule-quickborn.de\/wp-content\/uploads\/2020\/01\/IMG-20200120-WA0001-768x786.jpg 768w, http:\/\/www.musikschule-quickborn.de\/wp-content\/uploads\/2020\/01\/IMG-20200120-WA0001-1000x1024.jpg 1000w, http:\/\/www.musikschule-quickborn.de\/wp-content\/uploads\/2020\/01\/IMG-20200120-WA0001.jpg 1563w\" sizes=\"(max-width: 293px) 100vw, 293px\" \/><\/a><\/p>\n<p>&nbsp;<\/p>\n<p>&nbsp;<\/p>\n<p>&nbsp;<\/p>\n<p><a href=\"http:\/\/www.musikschule-quickborn.de\/?attachment_id=1042\" rel=\"attachment wp-att-1042\"><img loading=\"lazy\" class=\"alignleft size-medium wp-image-1042\" src=\"http:\/\/www.musikschule-quickborn.de\/wp-content\/uploads\/2020\/01\/IMG-20200119-WA0011-225x300.jpg\" alt=\"\" width=\"225\" height=\"300\" srcset=\"http:\/\/www.musikschule-quickborn.de\/wp-content\/uploads\/2020\/01\/IMG-20200119-WA0011-225x300.jpg 225w, http:\/\/www.musikschule-quickborn.de\/wp-content\/uploads\/2020\/01\/IMG-20200119-WA0011.jpg 768w\" sizes=\"(max-width: 225px) 100vw, 225px\" \/><\/a>Alexander Hatje (Klavier, Lehrerin: Anna Milewska)<\/p>\n<p>&nbsp;<\/p>\n<p>&nbsp;<\/p>\n<p>&nbsp;<\/p>\n<p>&nbsp;<\/p>\n<p>&nbsp;<\/p>\n<p>&nbsp;<\/p>\n<p>&nbsp;<\/p>\n<p>&nbsp;<\/p>\n<div class=\"mceTemp\"><\/div>\n<p><a href=\"http:\/\/www.musikschule-quickborn.de\/?attachment_id=1045\" rel=\"attachment wp-att-1045\"><img loading=\"lazy\" class=\"alignleft size-medium wp-image-1045\" src=\"http:\/\/www.musikschule-quickborn.de\/wp-content\/uploads\/2020\/01\/20200117_175429-2-300x252.jpg\" alt=\"\" width=\"300\" height=\"252\" srcset=\"http:\/\/www.musikschule-quickborn.de\/wp-content\/uploads\/2020\/01\/20200117_175429-2-300x252.jpg 300w, http:\/\/www.musikschule-quickborn.de\/wp-content\/uploads\/2020\/01\/20200117_175429-2-768x646.jpg 768w, http:\/\/www.musikschule-quickborn.de\/wp-content\/uploads\/2020\/01\/20200117_175429-2-1024x861.jpg 1024w\" sizes=\"(max-width: 300px) 100vw, 300px\" \/><\/a><\/p>\n<p>&nbsp;<\/p>\n<p>&nbsp;<\/p>\n<p>&nbsp;<\/p>\n<p>und Jannis Gragert (Klavier, Lehrerin: Ritsuko Riedl)<\/p>\n<p>&nbsp;<\/p>\n<p>&nbsp;<\/p>\n<p>&nbsp;<\/p>\n<p>&nbsp;<\/p>\n<p>Diese und andere Preistr\u00e4ger stellen Ausschnitte ihres Wettbewerb-Programmes au\u00dferdem am 09.02.2020\u00a0 in der Drostei Pinneberg vor. N\u00e4here Informationen gerne unter 04106-81428.<\/p>\n","protected":false},"excerpt":{"rendered":"<p>sind beim diesj\u00e4hrigen Regionalwettbewerb &#8222;Jugend musiziert&#8220; gleich drei Sch\u00fcler unserer Musikschule gekommen. Sie haben einen ersten Preis erhalten und sind zum Landeswettbewerb Mitte M\u00e4rz in L\u00fcbeck weitergeleitet worden. Wir gratulieren herzlich den Preistr\u00e4gerInnen und ihren Lehrkr\u00e4ften: Vanessa Rudolph (Violine), die im Streicher-Ensemble zusammen mit Alexander Hamborg antrat (Lehrer: Falko Jentsch) &nbsp; &nbsp; &nbsp; Alexander Hatje [&hellip;]<\/p>\n","protected":false},"author":1,"featured_media":0,"comment_status":"closed","ping_status":"open","sticky":false,"template":"","format":"standard","meta":[],"categories":[1],"tags":[],"_links":{"self":[{"href":"http:\/\/www.musikschule-quickborn.de\/index.php?rest_route=\/wp\/v2\/posts\/1040"}],"collection":[{"href":"http:\/\/www.musikschule-quickborn.de\/index.php?rest_route=\/wp\/v2\/posts"}],"about":[{"href":"http:\/\/www.musikschule-quickborn.de\/index.php?rest_route=\/wp\/v2\/types\/post"}],"author":[{"embeddable":true,"href":"http:\/\/www.musikschule-quickborn.de\/index.php?rest_route=\/wp\/v2\/users\/1"}],"replies":[{"embeddable":true,"href":"http:\/\/www.musikschule-quickborn.de\/index.php?rest_route=%2Fwp%2Fv2%2Fcomments&post=1040"}],"version-history":[{"count":5,"href":"http:\/\/www.musikschule-quickborn.de\/index.php?rest_route=\/wp\/v2\/posts\/1040\/revisions"}],"predecessor-version":[{"id":1050,"href":"http:\/\/www.musikschule-quickborn.de\/index.php?rest_route=\/wp\/v2\/posts\/1040\/revisions\/1050"}],"wp:attachment":[{"href":"http:\/\/www.musikschule-quickborn.de\/index.php?rest_route=%2Fwp%2Fv2%2Fmedia&parent=1040"}],"wp:term":[{"taxonomy":"category","embeddable":true,"href":"http:\/\/www.musikschule-quickborn.de\/index.php?rest_route=%2Fwp%2Fv2%2Fcategories&post=1040"},{"taxonomy":"post_tag","embeddable":true,"href":"http:\/\/www.musikschule-quickborn.de\/index.php?rest_route=%2Fwp%2Fv2%2Ftags&post=1040"}],"curies":[{"name":"wp","href":"https:\/\/api.w.org\/{rel}","templated":true}]}}