{"id":1030,"date":"2019-12-20T14:14:32","date_gmt":"2019-12-20T14:14:32","guid":{"rendered":"http:\/\/www.musikschule-quickborn.de\/?p=1030"},"modified":"2019-12-20T14:14:32","modified_gmt":"2019-12-20T14:14:32","slug":"froehliche-weihnacht-ueberall","status":"publish","type":"post","link":"http:\/\/www.musikschule-quickborn.de\/?p=1030","title":{"rendered":"Fr\u00f6hliche Weihnacht \u00fcberall!"},"content":{"rendered":"<p><a href=\"http:\/\/www.musikschule-quickborn.de\/?attachment_id=1031\" rel=\"attachment wp-att-1031\"><img loading=\"lazy\" class=\"alignleft size-medium wp-image-1031\" src=\"http:\/\/www.musikschule-quickborn.de\/wp-content\/uploads\/2019\/12\/Band-und-Chor-300x225.jpg\" alt=\"\" width=\"300\" height=\"225\" srcset=\"http:\/\/www.musikschule-quickborn.de\/wp-content\/uploads\/2019\/12\/Band-und-Chor-300x225.jpg 300w, http:\/\/www.musikschule-quickborn.de\/wp-content\/uploads\/2019\/12\/Band-und-Chor-768x576.jpg 768w, http:\/\/www.musikschule-quickborn.de\/wp-content\/uploads\/2019\/12\/Band-und-Chor-1024x768.jpg 1024w\" sizes=\"(max-width: 300px) 100vw, 300px\" \/><\/a> <a href=\"http:\/\/www.musikschule-quickborn.de\/?attachment_id=1032\" rel=\"attachment wp-att-1032\"><img loading=\"lazy\" class=\"alignleft size-medium wp-image-1032\" src=\"http:\/\/www.musikschule-quickborn.de\/wp-content\/uploads\/2019\/12\/Band-300x225.jpg\" alt=\"\" width=\"300\" height=\"225\" srcset=\"http:\/\/www.musikschule-quickborn.de\/wp-content\/uploads\/2019\/12\/Band-300x225.jpg 300w, http:\/\/www.musikschule-quickborn.de\/wp-content\/uploads\/2019\/12\/Band-768x576.jpg 768w, http:\/\/www.musikschule-quickborn.de\/wp-content\/uploads\/2019\/12\/Band-1024x768.jpg 1024w\" sizes=\"(max-width: 300px) 100vw, 300px\" \/><\/a> <a href=\"http:\/\/www.musikschule-quickborn.de\/?attachment_id=1033\" rel=\"attachment wp-att-1033\"><img loading=\"lazy\" class=\"alignleft size-medium wp-image-1033\" src=\"http:\/\/www.musikschule-quickborn.de\/wp-content\/uploads\/2019\/12\/S\u00e4nger-300x225.jpg\" alt=\"\" width=\"300\" height=\"225\" srcset=\"http:\/\/www.musikschule-quickborn.de\/wp-content\/uploads\/2019\/12\/S\u00e4nger-300x225.jpg 300w, http:\/\/www.musikschule-quickborn.de\/wp-content\/uploads\/2019\/12\/S\u00e4nger-768x576.jpg 768w, http:\/\/www.musikschule-quickborn.de\/wp-content\/uploads\/2019\/12\/S\u00e4nger-1024x768.jpg 1024w\" sizes=\"(max-width: 300px) 100vw, 300px\" \/><\/a><\/p>\n<p>&nbsp;<\/p>\n<p>&nbsp;<\/p>\n<p>&nbsp;<\/p>\n<p>&nbsp;<\/p>\n<p>&nbsp;<\/p>\n<p>&nbsp;<\/p>\n<p>&nbsp;<\/p>\n<p><strong><span style=\"color: #008000;\">Mit einigen Eindr\u00fccken von unseren Weihnachtskonzerten w\u00fcnschen wir fr\u00f6hliche Weihnachten und einen guten Rutsch ins neue Jahrzehnt!<\/span><\/strong><\/p>\n<p>&nbsp;<\/p>\n<p><a href=\"http:\/\/www.musikschule-quickborn.de\/?attachment_id=1035\" rel=\"attachment wp-att-1035\"><img loading=\"lazy\" class=\"alignleft size-medium wp-image-1035\" src=\"http:\/\/www.musikschule-quickborn.de\/wp-content\/uploads\/2019\/12\/Adventskonzert-2019-Orchester-300x200.jpg\" alt=\"\" width=\"300\" height=\"200\" srcset=\"http:\/\/www.musikschule-quickborn.de\/wp-content\/uploads\/2019\/12\/Adventskonzert-2019-Orchester-300x200.jpg 300w, http:\/\/www.musikschule-quickborn.de\/wp-content\/uploads\/2019\/12\/Adventskonzert-2019-Orchester-768x513.jpg 768w, http:\/\/www.musikschule-quickborn.de\/wp-content\/uploads\/2019\/12\/Adventskonzert-2019-Orchester-1024x684.jpg 1024w\" sizes=\"(max-width: 300px) 100vw, 300px\" \/><\/a><\/p>\n<div id=\"attachment_1034\" style=\"width: 310px\" class=\"wp-caption alignleft\"><a href=\"http:\/\/www.musikschule-quickborn.de\/?attachment_id=1034\" rel=\"attachment wp-att-1034\"><img aria-describedby=\"caption-attachment-1034\" loading=\"lazy\" class=\"size-medium wp-image-1034\" src=\"http:\/\/www.musikschule-quickborn.de\/wp-content\/uploads\/2019\/12\/Adventskonzert-2019-Foto-Janina-300x169.jpg\" alt=\"\" width=\"300\" height=\"169\" srcset=\"http:\/\/www.musikschule-quickborn.de\/wp-content\/uploads\/2019\/12\/Adventskonzert-2019-Foto-Janina-300x169.jpg 300w, http:\/\/www.musikschule-quickborn.de\/wp-content\/uploads\/2019\/12\/Adventskonzert-2019-Foto-Janina-768x432.jpg 768w, http:\/\/www.musikschule-quickborn.de\/wp-content\/uploads\/2019\/12\/Adventskonzert-2019-Foto-Janina.jpg 880w\" sizes=\"(max-width: 300px) 100vw, 300px\" \/><\/a><p id=\"caption-attachment-1034\" class=\"wp-caption-text\">Quelle: Quickborner Tageblatt<\/p><\/div>\n","protected":false},"excerpt":{"rendered":"<p>&nbsp; &nbsp; &nbsp; &nbsp; &nbsp; &nbsp; &nbsp; Mit einigen Eindr\u00fccken von unseren Weihnachtskonzerten w\u00fcnschen wir fr\u00f6hliche Weihnachten und einen guten Rutsch ins neue Jahrzehnt! &nbsp;<\/p>\n","protected":false},"author":1,"featured_media":0,"comment_status":"closed","ping_status":"open","sticky":false,"template":"","format":"standard","meta":[],"categories":[1],"tags":[],"_links":{"self":[{"href":"http:\/\/www.musikschule-quickborn.de\/index.php?rest_route=\/wp\/v2\/posts\/1030"}],"collection":[{"href":"http:\/\/www.musikschule-quickborn.de\/index.php?rest_route=\/wp\/v2\/posts"}],"about":[{"href":"http:\/\/www.musikschule-quickborn.de\/index.php?rest_route=\/wp\/v2\/types\/post"}],"author":[{"embeddable":true,"href":"http:\/\/www.musikschule-quickborn.de\/index.php?rest_route=\/wp\/v2\/users\/1"}],"replies":[{"embeddable":true,"href":"http:\/\/www.musikschule-quickborn.de\/index.php?rest_route=%2Fwp%2Fv2%2Fcomments&post=1030"}],"version-history":[{"count":3,"href":"http:\/\/www.musikschule-quickborn.de\/index.php?rest_route=\/wp\/v2\/posts\/1030\/revisions"}],"predecessor-version":[{"id":1038,"href":"http:\/\/www.musikschule-quickborn.de\/index.php?rest_route=\/wp\/v2\/posts\/1030\/revisions\/1038"}],"wp:attachment":[{"href":"http:\/\/www.musikschule-quickborn.de\/index.php?rest_route=%2Fwp%2Fv2%2Fmedia&parent=1030"}],"wp:term":[{"taxonomy":"category","embeddable":true,"href":"http:\/\/www.musikschule-quickborn.de\/index.php?rest_route=%2Fwp%2Fv2%2Fcategories&post=1030"},{"taxonomy":"post_tag","embeddable":true,"href":"http:\/\/www.musikschule-quickborn.de\/index.php?rest_route=%2Fwp%2Fv2%2Ftags&post=1030"}],"curies":[{"name":"wp","href":"https:\/\/api.w.org\/{rel}","templated":true}]}}