{"id":1018,"date":"2019-11-14T08:49:22","date_gmt":"2019-11-14T08:49:22","guid":{"rendered":"http:\/\/www.musikschule-quickborn.de\/?p=1018"},"modified":"2019-11-14T08:49:22","modified_gmt":"2019-11-14T08:49:22","slug":"nussknacker-und-mausekoenig-am-1-advent","status":"publish","type":"post","link":"http:\/\/www.musikschule-quickborn.de\/?p=1018","title":{"rendered":"Nussknacker und Mausek\u00f6nig am 1. Advent"},"content":{"rendered":"<p>Am 1. Advent (1.12.2019) um 17.00 Uhr ist es im Artur-Grenz-Saal wieder soweit: Das traditionelle Adventskonzert steht an. In diesem Jahr wird das musikalische Weihnachtsm\u00e4rchen &#8222;Nussknacker u<a href=\"http:\/\/www.musikschule-quickborn.de\/?attachment_id=1019\" rel=\"attachment wp-att-1019\"><img loading=\"lazy\" class=\"size-medium wp-image-1019 alignright\" src=\"http:\/\/www.musikschule-quickborn.de\/wp-content\/uploads\/2019\/11\/Illustration-Nussknacker-300x243.jpg\" alt=\"\" width=\"300\" height=\"243\" srcset=\"http:\/\/www.musikschule-quickborn.de\/wp-content\/uploads\/2019\/11\/Illustration-Nussknacker-300x243.jpg 300w, http:\/\/www.musikschule-quickborn.de\/wp-content\/uploads\/2019\/11\/Illustration-Nussknacker.jpg 700w\" sizes=\"(max-width: 300px) 100vw, 300px\" \/><\/a>nd Mausk\u00f6nig&#8220; nach E.T.A. Hoffmann \u00fcber die B\u00fchne gehen und zwar in der Version von Carl Reinecke (1824-1910).\u00a0<a href=\"http:\/\/www.musikschule-quickborn.de\/?attachment_id=1017\" rel=\"attachment wp-att-1017\"><img loading=\"lazy\" class=\"alignleft size-medium wp-image-1017\" src=\"http:\/\/www.musikschule-quickborn.de\/wp-content\/uploads\/2019\/11\/Nussknacker-Plakat-201x300.jpg\" alt=\"\" width=\"201\" height=\"300\" srcset=\"http:\/\/www.musikschule-quickborn.de\/wp-content\/uploads\/2019\/11\/Nussknacker-Plakat-201x300.jpg 201w, http:\/\/www.musikschule-quickborn.de\/wp-content\/uploads\/2019\/11\/Nussknacker-Plakat.jpg 532w\" sizes=\"(max-width: 201px) 100vw, 201px\" \/><\/a> Dieser verfasste eine Musik zu dem M\u00e4rchen f\u00fcr vierh\u00e4ndiges Klavier, welche von Lorenz Jensen f\u00fcr Orchester bearbeitet wurde. Die Geschichte um den Weihnachtsabend mit den Kindern Fritz und Marie, den Schlachten zwischen dem Nussknacker und dem Mausek\u00f6nig wird von dem renommierten Schauspieler und Sprecher Henning Westphal gelesen. Vorher wird das Fagottkonzert &#8222;La Notte&#8220; von Torsten B\u00fchrmann interpretiert.\u00a0 Es spielt das Orchester der Musikschule unter Leitung von Lorenz Jensen.<\/p>\n<p>Der Eintritt f\u00fcr dieses Familienkonzert ist frei, um Spenden wird gebeten.<\/p>\n","protected":false},"excerpt":{"rendered":"<p>Am 1. Advent (1.12.2019) um 17.00 Uhr ist es im Artur-Grenz-Saal wieder soweit: Das traditionelle Adventskonzert steht an. In diesem Jahr wird das musikalische Weihnachtsm\u00e4rchen &#8222;Nussknacker und Mausk\u00f6nig&#8220; nach E.T.A. Hoffmann \u00fcber die B\u00fchne gehen und zwar in der Version von Carl Reinecke (1824-1910).\u00a0 Dieser verfasste eine Musik zu dem M\u00e4rchen f\u00fcr vierh\u00e4ndiges Klavier, welche [&hellip;]<\/p>\n","protected":false},"author":1,"featured_media":0,"comment_status":"closed","ping_status":"open","sticky":false,"template":"","format":"standard","meta":[],"categories":[1],"tags":[],"_links":{"self":[{"href":"http:\/\/www.musikschule-quickborn.de\/index.php?rest_route=\/wp\/v2\/posts\/1018"}],"collection":[{"href":"http:\/\/www.musikschule-quickborn.de\/index.php?rest_route=\/wp\/v2\/posts"}],"about":[{"href":"http:\/\/www.musikschule-quickborn.de\/index.php?rest_route=\/wp\/v2\/types\/post"}],"author":[{"embeddable":true,"href":"http:\/\/www.musikschule-quickborn.de\/index.php?rest_route=\/wp\/v2\/users\/1"}],"replies":[{"embeddable":true,"href":"http:\/\/www.musikschule-quickborn.de\/index.php?rest_route=%2Fwp%2Fv2%2Fcomments&post=1018"}],"version-history":[{"count":3,"href":"http:\/\/www.musikschule-quickborn.de\/index.php?rest_route=\/wp\/v2\/posts\/1018\/revisions"}],"predecessor-version":[{"id":1022,"href":"http:\/\/www.musikschule-quickborn.de\/index.php?rest_route=\/wp\/v2\/posts\/1018\/revisions\/1022"}],"wp:attachment":[{"href":"http:\/\/www.musikschule-quickborn.de\/index.php?rest_route=%2Fwp%2Fv2%2Fmedia&parent=1018"}],"wp:term":[{"taxonomy":"category","embeddable":true,"href":"http:\/\/www.musikschule-quickborn.de\/index.php?rest_route=%2Fwp%2Fv2%2Fcategories&post=1018"},{"taxonomy":"post_tag","embeddable":true,"href":"http:\/\/www.musikschule-quickborn.de\/index.php?rest_route=%2Fwp%2Fv2%2Ftags&post=1018"}],"curies":[{"name":"wp","href":"https:\/\/api.w.org\/{rel}","templated":true}]}}