{"id":1004,"date":"2019-10-22T09:04:00","date_gmt":"2019-10-22T09:04:00","guid":{"rendered":"http:\/\/www.musikschule-quickborn.de\/?p=1004"},"modified":"2019-10-22T09:04:00","modified_gmt":"2019-10-22T09:04:00","slug":"jugend-musiziert-vier-laender-konzert-in-quickborn-bundespreistraeger-des-nordens-stellen-sich-vor","status":"publish","type":"post","link":"http:\/\/www.musikschule-quickborn.de\/?p=1004","title":{"rendered":"Jugend musiziert: Vier-L\u00e4nder-Konzert in Quickborn &#8211; Bundespreistr\u00e4ger des Nordens stellen sich vor"},"content":{"rendered":"<div data-canvas-width=\"577.706709594328\">\n<p><span style=\"font-family: Arial, sans-serif;\"><span style=\"font-size: medium;\"><a href=\"http:\/\/www.musikschule-quickborn.de\/?attachment_id=1005\" rel=\"attachment wp-att-1005\"><img loading=\"lazy\" class=\"size-medium wp-image-1005 alignright\" src=\"http:\/\/www.musikschule-quickborn.de\/wp-content\/uploads\/2019\/10\/Flyer-4L\u00e4nderKonzert-e1571733721567-212x300.jpg\" alt=\"\" width=\"212\" height=\"300\" srcset=\"http:\/\/www.musikschule-quickborn.de\/wp-content\/uploads\/2019\/10\/Flyer-4L\u00e4nderKonzert-e1571733721567-212x300.jpg 212w, http:\/\/www.musikschule-quickborn.de\/wp-content\/uploads\/2019\/10\/Flyer-4L\u00e4nderKonzert-e1571733721567-768x1084.jpg 768w, http:\/\/www.musikschule-quickborn.de\/wp-content\/uploads\/2019\/10\/Flyer-4L\u00e4nderKonzert-e1571733721567-725x1024.jpg 725w, http:\/\/www.musikschule-quickborn.de\/wp-content\/uploads\/2019\/10\/Flyer-4L\u00e4nderKonzert-e1571733721567.jpg 801w\" sizes=\"(max-width: 212px) 100vw, 212px\" \/><\/a><\/span><\/span><\/p>\n<p>&nbsp;<\/p>\n<p><span style=\"font-family: Arial, sans-serif;\"><span style=\"font-size: medium;\">Am Samstag, 2. November, kommt es ab 16.00 Uhr im Quickborner Artur-Grenz-Saal zu einem musikalischen Gipfeltreffen der Sonderklasse. Im Vier-L\u00e4nder-Konzert stellen sich junge K\u00fcnstler aus Schleswig-Holstein, Hamburg, Niedersachsen und Mecklenburg-Vorpommern vor. Sie alle sind Preistr\u00e4ger des Bundeswettbewerbs \u201cJugend musiziert\u201c und pr\u00e4sentieren Ausschnitte ihres Wettbewerbsprogramms. Zu h\u00f6ren sein werden Werke von Mozart, Brahms, Tschaikowski, Vivaldi, Bernstein, Schostakowitsch und anderen. <\/span><\/span><\/p>\n<p><span style=\"font-family: Arial, sans-serif;\"><span style=\"font-size: medium;\">NDR Kultur schneidet das Vier-L\u00e4nder-Konzert mit und wird die Beitr\u00e4ge zeitversetzt ausstrahlen. <\/span><\/span><\/p>\n<p><span style=\"font-family: Arial, sans-serif;\"><span style=\"font-size: medium;\">Es treten auf:<br \/>\n<\/span><\/span><\/p>\n<div id=\"attachment_1006\" style=\"width: 275px\" class=\"wp-caption alignleft\"><a href=\"http:\/\/www.musikschule-quickborn.de\/?attachment_id=1006\" rel=\"attachment wp-att-1006\"><img aria-describedby=\"caption-attachment-1006\" loading=\"lazy\" class=\" wp-image-1006\" src=\"http:\/\/www.musikschule-quickborn.de\/wp-content\/uploads\/2019\/10\/IMG-20180519-WA0008-300x225.jpg\" alt=\"\" width=\"265\" height=\"199\" srcset=\"http:\/\/www.musikschule-quickborn.de\/wp-content\/uploads\/2019\/10\/IMG-20180519-WA0008-300x225.jpg 300w, http:\/\/www.musikschule-quickborn.de\/wp-content\/uploads\/2019\/10\/IMG-20180519-WA0008-768x576.jpg 768w, http:\/\/www.musikschule-quickborn.de\/wp-content\/uploads\/2019\/10\/IMG-20180519-WA0008-1024x768.jpg 1024w, http:\/\/www.musikschule-quickborn.de\/wp-content\/uploads\/2019\/10\/IMG-20180519-WA0008.jpg 1280w\" sizes=\"(max-width: 265px) 100vw, 265px\" \/><\/a><p id=\"caption-attachment-1006\" class=\"wp-caption-text\">Jannis Demmig beim Bundeswettbewerb 2018<\/p><\/div>\n<p>&nbsp;<\/p>\n<p><span style=\"font-family: Arial, sans-serif;\"><span style=\"font-size: medium;\">aus Schleswig-Holstein: <\/span><\/span><span style=\"font-family: Arial, sans-serif;\"><span style=\"font-size: medium;\">Jannis Demmig (Percussion, Sch\u00fcler unserer Musikschule), Klara Bonietzki (Violine, L\u00fcbeck).<\/span><\/span><\/p>\n<p><span style=\"font-family: Arial, sans-serif;\"><span style=\"font-size: medium;\">aus Niedersachsen: Hannah van Do (Gesang Pop) und Oskar Meier (Violoncello) <\/span><\/span><\/p>\n<p><span style=\"font-family: Arial, sans-serif;\"><span style=\"font-size: medium;\">aus Mecklenburg-Vorpommern: das Gesangsduo Floriane Werner und Elisabeth Schneider <\/span><\/span><\/p>\n<p><span style=\"font-family: Arial, sans-serif;\"><span style=\"font-size: medium;\">sowie Emmanuel Walter und Pepe Falkenberg (Duo Trompete und Klavier) <\/span><\/span><\/p>\n<p><span style=\"font-family: Arial, sans-serif;\"><span style=\"font-size: medium;\">Aus Hamburg kommen Aila Katalin Krohn (Violine) und Lucy Str\u00fcfing (Piano Solo) <\/span><\/span><\/p>\n<\/div>\n<div data-canvas-width=\"577.706709594328\">\n<p><span style=\"font-family: Arial, sans-serif;\"><span style=\"font-size: medium;\">Der Eintritt ist frei, um Spenden wird gebeten. <\/span><\/span><\/p>\n<\/div>\n<div data-canvas-width=\"373.02820294888426\"><\/div>\n<div data-canvas-width=\"98.84459486783223\"><\/div>\n<div><\/div>\n","protected":false},"excerpt":{"rendered":"<p>&nbsp; Am Samstag, 2. November, kommt es ab 16.00 Uhr im Quickborner Artur-Grenz-Saal zu einem musikalischen Gipfeltreffen der Sonderklasse. Im Vier-L\u00e4nder-Konzert stellen sich junge K\u00fcnstler aus Schleswig-Holstein, Hamburg, Niedersachsen und Mecklenburg-Vorpommern vor. Sie alle sind Preistr\u00e4ger des Bundeswettbewerbs \u201cJugend musiziert\u201c und pr\u00e4sentieren Ausschnitte ihres Wettbewerbsprogramms. Zu h\u00f6ren sein werden Werke von Mozart, Brahms, Tschaikowski, Vivaldi, [&hellip;]<\/p>\n","protected":false},"author":1,"featured_media":0,"comment_status":"closed","ping_status":"open","sticky":false,"template":"","format":"standard","meta":[],"categories":[1],"tags":[],"_links":{"self":[{"href":"http:\/\/www.musikschule-quickborn.de\/index.php?rest_route=\/wp\/v2\/posts\/1004"}],"collection":[{"href":"http:\/\/www.musikschule-quickborn.de\/index.php?rest_route=\/wp\/v2\/posts"}],"about":[{"href":"http:\/\/www.musikschule-quickborn.de\/index.php?rest_route=\/wp\/v2\/types\/post"}],"author":[{"embeddable":true,"href":"http:\/\/www.musikschule-quickborn.de\/index.php?rest_route=\/wp\/v2\/users\/1"}],"replies":[{"embeddable":true,"href":"http:\/\/www.musikschule-quickborn.de\/index.php?rest_route=%2Fwp%2Fv2%2Fcomments&post=1004"}],"version-history":[{"count":8,"href":"http:\/\/www.musikschule-quickborn.de\/index.php?rest_route=\/wp\/v2\/posts\/1004\/revisions"}],"predecessor-version":[{"id":1014,"href":"http:\/\/www.musikschule-quickborn.de\/index.php?rest_route=\/wp\/v2\/posts\/1004\/revisions\/1014"}],"wp:attachment":[{"href":"http:\/\/www.musikschule-quickborn.de\/index.php?rest_route=%2Fwp%2Fv2%2Fmedia&parent=1004"}],"wp:term":[{"taxonomy":"category","embeddable":true,"href":"http:\/\/www.musikschule-quickborn.de\/index.php?rest_route=%2Fwp%2Fv2%2Fcategories&post=1004"},{"taxonomy":"post_tag","embeddable":true,"href":"http:\/\/www.musikschule-quickborn.de\/index.php?rest_route=%2Fwp%2Fv2%2Ftags&post=1004"}],"curies":[{"name":"wp","href":"https:\/\/api.w.org\/{rel}","templated":true}]}}